{"id":266,"date":"2020-03-20T08:49:00","date_gmt":"2020-03-20T08:49:00","guid":{"rendered":"https:\/\/juliovilagrasa.com\/2020\/03\/20\/efectes-del-covid-19-en-contractes-i-relacions-comercials\/"},"modified":"2020-03-25T10:54:00","modified_gmt":"2020-03-25T10:54:00","slug":"efectos-del-covid-19-en-contratos-y-relaciones-comerciales","status":"publish","type":"post","link":"https:\/\/juliovilagrasa.com\/es\/2020\/03\/20\/efectos-del-covid-19-en-contratos-y-relaciones-comerciales\/","title":{"rendered":"Efectos del COVID-19 en contratos y relaciones comerciales"},"content":{"rendered":"\n<p>El Real Decreto-Ley 8\/2020 dedica un apartado espec\u00edfico a las medidas en materia de contrataci\u00f3n p\u00fablica para paliar las consecuencias del Covid-19 y, en concreto, por la suspensi\u00f3n de obras y servicios como consecuencia de su impacto. En general, la entidad adjudicadora deber\u00e1 abonar al contratista los da\u00f1os y perjuicios que el Real Decreto-Ley limita (es decir, el Estado se har\u00e1 cargo de gran parte de estos costes). Se establece una excepci\u00f3n para las entidades p\u00fablicas que coticen en bolsa.&nbsp;<\/p>\n\n\n\n<p>Pero, \u00bfc\u00f3mo afecta la situaci\u00f3n a las relaciones comerciales y contractuales en el sector privado? La grave crisis sanitaria dificulta en gran medida el cumplimiento contractual en cuanto a compromisos de producci\u00f3n, suministros, log\u00edstica, cumplimiento de plazos&#8230; y, en los peores casos, supone su rescisi\u00f3n. \u00bfPodemos hacer extensiva la suspensi\u00f3n gen\u00e9rica a plazos de prescripci\u00f3n y caducidad que regula el Real-Decreto?&nbsp;<\/p>\n\n\n\n<p>Desafortunadamente, de momento, no contamos con medidas espec\u00edficas. Por este motivo aconsejamos una revisi\u00f3n de los contratos otorgados, en especial, de puntos como los siguientes &#8211; a t\u00edtulo general y informativo-, relacionados fundamentalmente con responsabilidad y asunci\u00f3n de riesgos. Somos conscientes de que es un trabajo farragoso, puesto que todos los contratos contienen regulaciones propias y espec\u00edficas, pero merece la pena asegurarnos y hacer una revisi\u00f3n:&nbsp;<\/p>\n\n\n\n<ul><li>Cl\u00e1usulas de fuerza mayor. Si existen, comprobar si se incluye el supuesto de pandemia.&nbsp;<\/li><li>Obligaciones y riesgos asumidos por cada una de las partes contratantes.&nbsp;<\/li><li>Garant\u00edas.&nbsp;<\/li><li>Plazos de cumplimiento.&nbsp;<\/li><li>Causas de resoluci\u00f3n.&nbsp;<\/li><li>Remisi\u00f3n a otros contratos y \/ o contratos anexos.&nbsp;<\/li><\/ul>\n\n\n\n<p>Finalmente, todos aquellos que est\u00e1is inmersos en alg\u00fan procedimiento de auditor\u00eda legal (<em>due diligence<\/em>), recordad que estos aspectos pueden ser analizados y tenidos en cuenta.&nbsp;<\/p>\n\n\n\n<p>No obstante, bajo nuestro criterio, estamos afrontando una situaci\u00f3n imprevisible que, en muchos casos, conforme a la doctrina y jurisprudencia aplicable en Espa\u00f1a y algunos pa\u00edses europeos, puede justificar una modificaci\u00f3n &#8211; coherente y proporcionada- de las condiciones contractuales.&nbsp;<\/p>\n\n\n\n<p>Quedamos a vuestra disposici\u00f3n para cualquier duda o aclaraci\u00f3n.&nbsp;<\/p>\n\n\n\n<p>Saludos cordiales,&nbsp;<\/p>\n\n\n\n<h4>JULIO VILAGRASA Y ASOCIADOS&nbsp;<\/h4>\n","protected":false},"excerpt":{"rendered":"<p>El Reial Decret-Llei 8\/2020 dedica un apartat espec\u00edfic a les mesures en mat\u00e8ria de contractes p\u00fablica per pal\u00b7liar les consequ\u0308\u00e8ncies del COVID-19 <\/p>\n","protected":false},"author":2,"featured_media":0,"comment_status":"open","ping_status":"open","sticky":false,"template":"","format":"standard","meta":[],"categories":[11,23],"tags":[],"yoast_head":"<!-- This site is optimized with the Yoast SEO plugin v14.6.1 - https:\/\/yoast.com\/wordpress\/plugins\/seo\/ -->\n<title>Efectos del COVID-19 en contratos y relaciones comerciales | Julio Vilagrasa<\/title>\n<meta name=\"description\" content=\"El Reial Decret-Llei 8\/2020 dedica un apartat espec\u00edfic a les mesures en mat\u00e8ria de contractes p\u00fablica per pal\u00b7liar les consequ\u0308\u00e8ncies del COVID-19\" \/>\n<meta name=\"robots\" content=\"index, follow\" \/>\n<meta name=\"googlebot\" content=\"index, follow, max-snippet:-1, max-image-preview:large, max-video-preview:-1\" \/>\n<meta name=\"bingbot\" content=\"index, follow, max-snippet:-1, max-image-preview:large, max-video-preview:-1\" \/>\n<link rel=\"canonical\" href=\"https:\/\/juliovilagrasa.com\/es\/2020\/03\/20\/efectos-del-covid-19-en-contratos-y-relaciones-comerciales\/\" \/>\n<meta property=\"og:locale\" content=\"es_ES\" \/>\n<meta property=\"og:type\" content=\"article\" \/>\n<meta property=\"og:title\" content=\"Efectos del COVID-19 en contratos y relaciones comerciales | Julio Vilagrasa\" \/>\n<meta property=\"og:description\" content=\"El Reial Decret-Llei 8\/2020 dedica un apartat espec\u00edfic a les mesures en mat\u00e8ria de contractes p\u00fablica per pal\u00b7liar les consequ\u0308\u00e8ncies del COVID-19\" \/>\n<meta property=\"og:url\" content=\"https:\/\/juliovilagrasa.com\/es\/2020\/03\/20\/efectos-del-covid-19-en-contratos-y-relaciones-comerciales\/\" \/>\n<meta property=\"og:site_name\" content=\"Julio Vilagrasa\" \/>\n<meta property=\"article:published_time\" content=\"2020-03-20T08:49:00+00:00\" \/>\n<meta property=\"article:modified_time\" content=\"2020-03-25T10:54:00+00:00\" \/>\n<meta name=\"twitter:card\" content=\"summary_large_image\" \/>\n<script type=\"application\/ld+json\" class=\"yoast-schema-graph\">{\"@context\":\"https:\/\/schema.org\",\"@graph\":[{\"@type\":\"Organization\",\"@id\":\"https:\/\/juliovilagrasa.com\/es\/#organization\",\"name\":\"Julio Vilagrasa y asociados\",\"url\":\"https:\/\/juliovilagrasa.com\/es\/\",\"sameAs\":[\"https:\/\/www.linkedin.com\/company\/vilagrasa-asociados\/about\/\"],\"logo\":{\"@type\":\"ImageObject\",\"@id\":\"https:\/\/juliovilagrasa.com\/es\/#logo\",\"inLanguage\":\"es\",\"url\":\"https:\/\/juliovilagrasa.com\/wp-content\/uploads\/2020\/03\/Julio-Vilagrasa-y-asociados.png\",\"width\":900,\"height\":238,\"caption\":\"Julio Vilagrasa y asociados\"},\"image\":{\"@id\":\"https:\/\/juliovilagrasa.com\/es\/#logo\"}},{\"@type\":\"WebSite\",\"@id\":\"https:\/\/juliovilagrasa.com\/es\/#website\",\"url\":\"https:\/\/juliovilagrasa.com\/es\/\",\"name\":\"Julio Vilagrasa y asociados\",\"description\":\"Advocats i Economistes\",\"publisher\":{\"@id\":\"https:\/\/juliovilagrasa.com\/es\/#organization\"},\"potentialAction\":[{\"@type\":\"SearchAction\",\"target\":\"https:\/\/juliovilagrasa.com\/es\/?s={search_term_string}\",\"query-input\":\"required name=search_term_string\"}],\"inLanguage\":\"es\"},{\"@type\":\"WebPage\",\"@id\":\"https:\/\/juliovilagrasa.com\/es\/2020\/03\/20\/efectos-del-covid-19-en-contratos-y-relaciones-comerciales\/#webpage\",\"url\":\"https:\/\/juliovilagrasa.com\/es\/2020\/03\/20\/efectos-del-covid-19-en-contratos-y-relaciones-comerciales\/\",\"name\":\"Efectos del COVID-19 en contratos y relaciones comerciales | Julio Vilagrasa\",\"isPartOf\":{\"@id\":\"https:\/\/juliovilagrasa.com\/es\/#website\"},\"datePublished\":\"2020-03-20T08:49:00+00:00\",\"dateModified\":\"2020-03-25T10:54:00+00:00\",\"description\":\"El Reial Decret-Llei 8\/2020 dedica un apartat espec\\u00edfic a les mesures en mat\\u00e8ria de contractes p\\u00fablica per pal\\u00b7liar les consequ\\u0308\\u00e8ncies del COVID-19\",\"inLanguage\":\"es\",\"potentialAction\":[{\"@type\":\"ReadAction\",\"target\":[\"https:\/\/juliovilagrasa.com\/es\/2020\/03\/20\/efectos-del-covid-19-en-contratos-y-relaciones-comerciales\/\"]}]},{\"@type\":\"Article\",\"@id\":\"https:\/\/juliovilagrasa.com\/es\/2020\/03\/20\/efectos-del-covid-19-en-contratos-y-relaciones-comerciales\/#article\",\"isPartOf\":{\"@id\":\"https:\/\/juliovilagrasa.com\/es\/2020\/03\/20\/efectos-del-covid-19-en-contratos-y-relaciones-comerciales\/#webpage\"},\"author\":{\"@id\":\"https:\/\/juliovilagrasa.com\/es\/#\/schema\/person\/64b9bf20c9c096163e15cf61a00f69ef\"},\"headline\":\"Efectos del COVID-19 en contratos y relaciones comerciales\",\"datePublished\":\"2020-03-20T08:49:00+00:00\",\"dateModified\":\"2020-03-25T10:54:00+00:00\",\"mainEntityOfPage\":{\"@id\":\"https:\/\/juliovilagrasa.com\/es\/2020\/03\/20\/efectos-del-covid-19-en-contratos-y-relaciones-comerciales\/#webpage\"},\"commentCount\":0,\"publisher\":{\"@id\":\"https:\/\/juliovilagrasa.com\/es\/#organization\"},\"articleSection\":\"\\u00c1mbito administrativo,Estado de alarma COVID-19\",\"inLanguage\":\"es\",\"potentialAction\":[{\"@type\":\"CommentAction\",\"name\":\"Comment\",\"target\":[\"https:\/\/juliovilagrasa.com\/es\/2020\/03\/20\/efectos-del-covid-19-en-contratos-y-relaciones-comerciales\/#respond\"]}]},{\"@type\":[\"Person\"],\"@id\":\"https:\/\/juliovilagrasa.com\/es\/#\/schema\/person\/64b9bf20c9c096163e15cf61a00f69ef\",\"name\":\"juliovilagrasa\",\"image\":{\"@type\":\"ImageObject\",\"@id\":\"https:\/\/juliovilagrasa.com\/es\/#personlogo\",\"inLanguage\":\"es\",\"url\":\"http:\/\/2.gravatar.com\/avatar\/bdda4718155f8215ce9e4901102381f9?s=96&d=mm&r=g\",\"caption\":\"juliovilagrasa\"}}]}<\/script>\n<!-- \/ Yoast SEO plugin. -->","_links":{"self":[{"href":"https:\/\/juliovilagrasa.com\/es\/wp-json\/wp\/v2\/posts\/266"}],"collection":[{"href":"https:\/\/juliovilagrasa.com\/es\/wp-json\/wp\/v2\/posts"}],"about":[{"href":"https:\/\/juliovilagrasa.com\/es\/wp-json\/wp\/v2\/types\/post"}],"author":[{"embeddable":true,"href":"https:\/\/juliovilagrasa.com\/es\/wp-json\/wp\/v2\/users\/2"}],"replies":[{"embeddable":true,"href":"https:\/\/juliovilagrasa.com\/es\/wp-json\/wp\/v2\/comments?post=266"}],"version-history":[{"count":2,"href":"https:\/\/juliovilagrasa.com\/es\/wp-json\/wp\/v2\/posts\/266\/revisions"}],"predecessor-version":[{"id":280,"href":"https:\/\/juliovilagrasa.com\/es\/wp-json\/wp\/v2\/posts\/266\/revisions\/280"}],"wp:attachment":[{"href":"https:\/\/juliovilagrasa.com\/es\/wp-json\/wp\/v2\/media?parent=266"}],"wp:term":[{"taxonomy":"category","embeddable":true,"href":"https:\/\/juliovilagrasa.com\/es\/wp-json\/wp\/v2\/categories?post=266"},{"taxonomy":"post_tag","embeddable":true,"href":"https:\/\/juliovilagrasa.com\/es\/wp-json\/wp\/v2\/tags?post=266"}],"curies":[{"name":"wp","href":"https:\/\/api.w.org\/{rel}","templated":true}]}}