{"id":269,"date":"2020-03-19T12:06:40","date_gmt":"2020-03-19T12:06:40","guid":{"rendered":"https:\/\/juliovilagrasa.com\/2020\/03\/19\/modificacio-aclariment-en-relacio-als-terminis-en-lambit-tributari\/"},"modified":"2020-03-25T10:54:03","modified_gmt":"2020-03-25T10:54:03","slug":"modificacion-aclaracion-en-relacion-a-la-suspension-de-plazos-en-el-ambito-tributario","status":"publish","type":"post","link":"https:\/\/juliovilagrasa.com\/es\/2020\/03\/19\/modificacion-aclaracion-en-relacion-a-la-suspension-de-plazos-en-el-ambito-tributario\/","title":{"rendered":"Modificaci\u00f3n \/ aclaraci\u00f3n en relaci\u00f3n a la suspensi\u00f3n de plazos en el \u00e1mbito tributario"},"content":{"rendered":"\n<p>Mediante el Real Decreto 465\/2020, de 17 de marzo, se ha modificado parcialmente el Decreto de estado de alarma, aprobado el pasado 14 de marzo, introduciendo una importante modificaci\u00f3n en el \u00e1mbito tributario.&nbsp;<\/p>\n\n\n\n<p>La AEAT ha aclarado que la suspensi\u00f3n de procedimientos p\u00fablicos e interrupci\u00f3n de plazos administrativos aprobada, no afecta al pago de tributos ni a la presentaci\u00f3n de declaraciones.&nbsp;<\/p>\n\n\n\n<p>Consecuentemente con la modificaci\u00f3n, los plazos tributarios de toda declaraci\u00f3n o autoliquidaci\u00f3n que deban presentarse a lo largo del mes en curso y del mes de abril (declaraciones del Impuesto sobre el Valor A\u00f1adido, retenciones por el Impuesto sobre la Renta de las Personas F\u00edsicas, pagos fraccionados del Impuesto de Sociedades, entre otros), se deber\u00e1n tramitar en las fechas previstas con car\u00e1cter ordinario, con independencia de que el contribuyente pueda acogerse al aplazamiento del pago de las deudas tributarias previsto en el Real Decreto 7\/2020, de 12 de marzo.&nbsp;<\/p>\n\n\n\n<p>A fecha de la presente Nota Informativa, este \u00faltimo es el \u00fanico aplazamiento de pagos tributarios, que aplica a aut\u00f3nomos y PYMES en cuanto a la posibilidad de solicitar una pr\u00f3rroga de hasta 6 meses en el pago de impuestos, por un valor m\u00e1ximo de 30.000 euros.&nbsp;<\/p>\n\n\n\n<p>Ante el malestar y las dificultades que genera esta situaci\u00f3n, desde el Consejo General de Economistas se ha solicitado la inclusi\u00f3n del aplazamiento de estas liquidaciones.&nbsp;<\/p>\n\n\n\n<p>Asimismo, los asesores les hemos expresado la necesidad de adoptar una serie de medidas, a los efectos de que las tengan en consideraci\u00f3n o las trasladen al Ministerio. Estas medidas son fundamentalmente las siguientes:&nbsp;<\/p>\n\n\n\n<ul><li>Ampliaci\u00f3n de los plazos de autoliquidaciones y declaraciones informativas.&nbsp;<\/li><li>Cese de la pr\u00e1ctica de notificaciones, salvo en casos muy excepcionales o de aquellas de las que se deriven efectos positivos por los contribuyentes.&nbsp;<\/li><li>Agilizar aplazamientos y fraccionamientos de deudas tributarias por empresas que se consideren PYMES, abriendo la posibilidad de aplazar retenciones, ingresos a cuenta, pagos fraccionados y tributos repercutidos (en este sentido, estudiando las autorizaciones caso a caso).&nbsp;<\/li><li>Modificar el plazo de presentaci\u00f3n del Impuesto sobre la Renta de las Personas F\u00edsicas y del Impuesto sobre el Patrimonio 2.019.&nbsp;<\/li><li>Modificar el plazo de declaraci\u00f3n del Impuesto sobre Sociedades para ejercicios iniciados el a\u00f1o 2019, en consonancia con la modificaci\u00f3n de plazos mercantiles contenida en el Real Decreto Ley 8\/2020 (ver nuestra Nota Informativa 3, de 18 de marzo de 2020).&nbsp;<\/li><\/ul>\n\n\n\n<p>Os mantendremos informados sobre la evoluci\u00f3n de estas propuestas.&nbsp;<\/p>\n\n\n\n<p>Quedamos a vuestra disposici\u00f3n para cualquier duda o aclaraci\u00f3n.&nbsp;<\/p>\n\n\n\n<p>Saludos cordiales,&nbsp;<\/p>\n\n\n\n<h4>JULIO VILAGRASA Y ASOCIADOS&nbsp;<\/h4>\n","protected":false},"excerpt":{"rendered":"<p>Mediante el Real Decreto 465\/2020, de 17 de marzo, se ha modificado el Decreto de estado de alarma, con una modificaci\u00f3n en el \u00e1mbito tributario.<\/p>\n","protected":false},"author":2,"featured_media":0,"comment_status":"open","ping_status":"open","sticky":false,"template":"","format":"standard","meta":[],"categories":[23,1],"tags":[],"yoast_head":"<!-- This site is optimized with the Yoast SEO plugin v14.6.1 - https:\/\/yoast.com\/wordpress\/plugins\/seo\/ -->\n<title>Modificaci\u00f3n \/ aclaraci\u00f3n en relaci\u00f3n a la suspensi\u00f3n de plazos en el \u00e1mbito tributario | Julio Vilagrasa<\/title>\n<meta name=\"description\" content=\"Mediante el Real Decreto 465\/2020, de 17 de marzo, se ha modificado el Decreto de estado de alarma, con una modificaci\u00f3n en el \u00e1mbito tributario.\" \/>\n<meta name=\"robots\" content=\"index, follow\" \/>\n<meta name=\"googlebot\" content=\"index, follow, max-snippet:-1, max-image-preview:large, max-video-preview:-1\" \/>\n<meta name=\"bingbot\" content=\"index, follow, max-snippet:-1, max-image-preview:large, max-video-preview:-1\" \/>\n<link rel=\"canonical\" href=\"https:\/\/juliovilagrasa.com\/es\/2020\/03\/19\/modificacion-aclaracion-en-relacion-a-la-suspension-de-plazos-en-el-ambito-tributario\/\" \/>\n<meta property=\"og:locale\" content=\"es_ES\" \/>\n<meta property=\"og:type\" content=\"article\" \/>\n<meta property=\"og:title\" content=\"Modificaci\u00f3n \/ aclaraci\u00f3n en relaci\u00f3n a la suspensi\u00f3n de plazos en el \u00e1mbito tributario | Julio Vilagrasa\" \/>\n<meta property=\"og:description\" content=\"Mediante el Real Decreto 465\/2020, de 17 de marzo, se ha modificado el Decreto de estado de alarma, con una modificaci\u00f3n en el \u00e1mbito tributario.\" \/>\n<meta property=\"og:url\" content=\"https:\/\/juliovilagrasa.com\/es\/2020\/03\/19\/modificacion-aclaracion-en-relacion-a-la-suspension-de-plazos-en-el-ambito-tributario\/\" \/>\n<meta property=\"og:site_name\" content=\"Julio Vilagrasa\" \/>\n<meta property=\"article:published_time\" content=\"2020-03-19T12:06:40+00:00\" \/>\n<meta property=\"article:modified_time\" content=\"2020-03-25T10:54:03+00:00\" \/>\n<meta name=\"twitter:card\" content=\"summary_large_image\" \/>\n<script type=\"application\/ld+json\" class=\"yoast-schema-graph\">{\"@context\":\"https:\/\/schema.org\",\"@graph\":[{\"@type\":\"Organization\",\"@id\":\"https:\/\/juliovilagrasa.com\/es\/#organization\",\"name\":\"Julio Vilagrasa y asociados\",\"url\":\"https:\/\/juliovilagrasa.com\/es\/\",\"sameAs\":[\"https:\/\/www.linkedin.com\/company\/vilagrasa-asociados\/about\/\"],\"logo\":{\"@type\":\"ImageObject\",\"@id\":\"https:\/\/juliovilagrasa.com\/es\/#logo\",\"inLanguage\":\"es\",\"url\":\"https:\/\/juliovilagrasa.com\/wp-content\/uploads\/2020\/03\/Julio-Vilagrasa-y-asociados.png\",\"width\":900,\"height\":238,\"caption\":\"Julio Vilagrasa y asociados\"},\"image\":{\"@id\":\"https:\/\/juliovilagrasa.com\/es\/#logo\"}},{\"@type\":\"WebSite\",\"@id\":\"https:\/\/juliovilagrasa.com\/es\/#website\",\"url\":\"https:\/\/juliovilagrasa.com\/es\/\",\"name\":\"Julio Vilagrasa y asociados\",\"description\":\"Advocats i Economistes\",\"publisher\":{\"@id\":\"https:\/\/juliovilagrasa.com\/es\/#organization\"},\"potentialAction\":[{\"@type\":\"SearchAction\",\"target\":\"https:\/\/juliovilagrasa.com\/es\/?s={search_term_string}\",\"query-input\":\"required name=search_term_string\"}],\"inLanguage\":\"es\"},{\"@type\":\"WebPage\",\"@id\":\"https:\/\/juliovilagrasa.com\/es\/2020\/03\/19\/modificacion-aclaracion-en-relacion-a-la-suspension-de-plazos-en-el-ambito-tributario\/#webpage\",\"url\":\"https:\/\/juliovilagrasa.com\/es\/2020\/03\/19\/modificacion-aclaracion-en-relacion-a-la-suspension-de-plazos-en-el-ambito-tributario\/\",\"name\":\"Modificaci\\u00f3n \/ aclaraci\\u00f3n en relaci\\u00f3n a la suspensi\\u00f3n de plazos en el \\u00e1mbito tributario | Julio Vilagrasa\",\"isPartOf\":{\"@id\":\"https:\/\/juliovilagrasa.com\/es\/#website\"},\"datePublished\":\"2020-03-19T12:06:40+00:00\",\"dateModified\":\"2020-03-25T10:54:03+00:00\",\"description\":\"Mediante el Real Decreto 465\/2020, de 17 de marzo, se ha modificado el Decreto de estado de alarma, con una modificaci\\u00f3n en el \\u00e1mbito tributario.\",\"inLanguage\":\"es\",\"potentialAction\":[{\"@type\":\"ReadAction\",\"target\":[\"https:\/\/juliovilagrasa.com\/es\/2020\/03\/19\/modificacion-aclaracion-en-relacion-a-la-suspension-de-plazos-en-el-ambito-tributario\/\"]}]},{\"@type\":\"Article\",\"@id\":\"https:\/\/juliovilagrasa.com\/es\/2020\/03\/19\/modificacion-aclaracion-en-relacion-a-la-suspension-de-plazos-en-el-ambito-tributario\/#article\",\"isPartOf\":{\"@id\":\"https:\/\/juliovilagrasa.com\/es\/2020\/03\/19\/modificacion-aclaracion-en-relacion-a-la-suspension-de-plazos-en-el-ambito-tributario\/#webpage\"},\"author\":{\"@id\":\"https:\/\/juliovilagrasa.com\/es\/#\/schema\/person\/64b9bf20c9c096163e15cf61a00f69ef\"},\"headline\":\"Modificaci\\u00f3n \/ aclaraci\\u00f3n en relaci\\u00f3n a la suspensi\\u00f3n de plazos en el \\u00e1mbito tributario\",\"datePublished\":\"2020-03-19T12:06:40+00:00\",\"dateModified\":\"2020-03-25T10:54:03+00:00\",\"mainEntityOfPage\":{\"@id\":\"https:\/\/juliovilagrasa.com\/es\/2020\/03\/19\/modificacion-aclaracion-en-relacion-a-la-suspension-de-plazos-en-el-ambito-tributario\/#webpage\"},\"commentCount\":0,\"publisher\":{\"@id\":\"https:\/\/juliovilagrasa.com\/es\/#organization\"},\"articleSection\":\"Estado de alarma COVID-19,General\",\"inLanguage\":\"es\",\"potentialAction\":[{\"@type\":\"CommentAction\",\"name\":\"Comment\",\"target\":[\"https:\/\/juliovilagrasa.com\/es\/2020\/03\/19\/modificacion-aclaracion-en-relacion-a-la-suspension-de-plazos-en-el-ambito-tributario\/#respond\"]}]},{\"@type\":[\"Person\"],\"@id\":\"https:\/\/juliovilagrasa.com\/es\/#\/schema\/person\/64b9bf20c9c096163e15cf61a00f69ef\",\"name\":\"juliovilagrasa\",\"image\":{\"@type\":\"ImageObject\",\"@id\":\"https:\/\/juliovilagrasa.com\/es\/#personlogo\",\"inLanguage\":\"es\",\"url\":\"http:\/\/2.gravatar.com\/avatar\/bdda4718155f8215ce9e4901102381f9?s=96&d=mm&r=g\",\"caption\":\"juliovilagrasa\"}}]}<\/script>\n<!-- \/ Yoast SEO plugin. -->","_links":{"self":[{"href":"https:\/\/juliovilagrasa.com\/es\/wp-json\/wp\/v2\/posts\/269"}],"collection":[{"href":"https:\/\/juliovilagrasa.com\/es\/wp-json\/wp\/v2\/posts"}],"about":[{"href":"https:\/\/juliovilagrasa.com\/es\/wp-json\/wp\/v2\/types\/post"}],"author":[{"embeddable":true,"href":"https:\/\/juliovilagrasa.com\/es\/wp-json\/wp\/v2\/users\/2"}],"replies":[{"embeddable":true,"href":"https:\/\/juliovilagrasa.com\/es\/wp-json\/wp\/v2\/comments?post=269"}],"version-history":[{"count":2,"href":"https:\/\/juliovilagrasa.com\/es\/wp-json\/wp\/v2\/posts\/269\/revisions"}],"predecessor-version":[{"id":336,"href":"https:\/\/juliovilagrasa.com\/es\/wp-json\/wp\/v2\/posts\/269\/revisions\/336"}],"wp:attachment":[{"href":"https:\/\/juliovilagrasa.com\/es\/wp-json\/wp\/v2\/media?parent=269"}],"wp:term":[{"taxonomy":"category","embeddable":true,"href":"https:\/\/juliovilagrasa.com\/es\/wp-json\/wp\/v2\/categories?post=269"},{"taxonomy":"post_tag","embeddable":true,"href":"https:\/\/juliovilagrasa.com\/es\/wp-json\/wp\/v2\/tags?post=269"}],"curies":[{"name":"wp","href":"https:\/\/api.w.org\/{rel}","templated":true}]}}