{"id":271,"date":"2020-03-18T11:57:47","date_gmt":"2020-03-18T11:57:47","guid":{"rendered":"https:\/\/juliovilagrasa.com\/2020\/03\/18\/nota-informativa-reial-decret-llei-de-mesures-extraordinaries-en-relacio-al-covid-19-en-lambit-financer\/"},"modified":"2020-03-25T10:54:04","modified_gmt":"2020-03-25T10:54:04","slug":"nota-informativa-real-decreto-ley-de-medidas-extraordinarias-en-relacion-al-covid-19-en-el-ambito-financiero","status":"publish","type":"post","link":"https:\/\/juliovilagrasa.com\/es\/2020\/03\/18\/nota-informativa-real-decreto-ley-de-medidas-extraordinarias-en-relacion-al-covid-19-en-el-ambito-financiero\/","title":{"rendered":"Nota informativa Real Decreto-Ley de medidas extraordinarias en relaci\u00f3n al COVID-19 en el \u00e1mbito financiero"},"content":{"rendered":"\n<h2>(i) L\u00ednea de avales para empresas y aut\u00f3nomos.&nbsp;<\/h2>\n\n\n\n<p>&nbsp;Para facilitar el mantenimiento de los puestos de trabajo y paliar los efectos econ\u00f3micos del Covid-19, se ha aprobado el otorgamiento de avales a la financiaci\u00f3n de entidades financieras y de cr\u00e9dito para atender la gesti\u00f3n de facturas, necesidad de circulante, vencimiento de obligaciones financieras o tributarias u otras necesidades de liquidez.&nbsp;<\/p>\n\n\n\n<p>Se ha previsto la concesi\u00f3n de avales por importe de 100.000 millones de euros.&nbsp;<\/p>\n\n\n\n<p>Las condiciones y requisitos para acceder est\u00e1n pendientes de aprobaci\u00f3n por el Consejo de Ministros.&nbsp;<\/p>\n\n\n\n<h2>(ii) Ampliaci\u00f3n de los l\u00edmites de endeudamiento neto del ICO.&nbsp;<\/h2>\n\n\n\n<p>Se ha aprobado una ampliaci\u00f3n de 10.000 millones de euros al l\u00edmite de endeudamiento neto por el ICO, para facilitar liquidez adicional a las empresas, especialmente PYMES y aut\u00f3nomos.&nbsp;<\/p>\n\n\n\n<h2>(iii) L\u00ednea extraordinaria de cobertura aseguradora.&nbsp;<\/h2>\n\n\n\n<p>Se autoriza la creaci\u00f3n de una l\u00ednea de cobertura aseguradora por un per\u00edodo de 6 meses desde la entrada del Real Decreto, hasta un importe de 2.000 millones de euros, con las siguientes caracter\u00edsticas:<\/p>\n\n\n\n<ul><li>Son elegibles los cr\u00e9ditos de circulante necesarios para empresas exportadoras, siempre que se correspondan con nuevas necesidades de financiaci\u00f3n y no con situaciones previas a la crisis actual.&nbsp;<\/li><li>Ser\u00e1n beneficiarios PYMES y empresas m\u00e1s grandes, siempre que: No sean cotizadas ni empresas internacionalizadas o en proceso de internacionalizaci\u00f3n (que deben cumplir una serie de requisitos previstos en la norma).&nbsp;<\/li><li>Quedan excluidas las empresas en situaci\u00f3n concursal o pre-concursal, as\u00ed como empresas con problemas de impagos en el sector p\u00fablico.&nbsp;<\/li><\/ul>\n\n\n\n<h2>(iv) Medidas financieras para titulares de explotaciones agrarias que hayan suscrito un pr\u00e9stamo por la situaci\u00f3n de sequ\u00eda del a\u00f1o 2017.&nbsp;<\/h2>\n\n\n\n<p>Se facilita a los prestatarios de cr\u00e9ditos financieros concedidos a titulares de explotaciones agrarias afectados por la sequ\u00eda del a\u00f1o 2017, seg\u00fan \u00d3rdenes AAA \/778\/2016, APM\/728\/2017 y APM\/58\/2018 (subvenciones p\u00fablicas destinadas a la obtenci\u00f3n de avales de la Sociedad An\u00f3nima Estatal de Cauci\u00f3n Agraria) que, de forma voluntaria, puedan acordar con las entidades financieras la pr\u00f3rroga, hasta un a\u00f1o &#8211; que puede ser de carencia-, del periodo de amortizaci\u00f3n de los pr\u00e9stamos suscritos.&nbsp;<\/p>\n\n\n\n<p>El Ministerio de Agricultura, Pesca y Alimentaci\u00f3n financiar\u00e1 los costes adicionales de los avales concedidos, derivados de la ampliaci\u00f3n del per\u00edodo de la operaci\u00f3n.&nbsp;<\/p>\n\n\n\n<p>Quedamos a su disposici\u00f3n para cualquier duda o aclaraci\u00f3n.&nbsp;<\/p>\n\n\n\n<p>Saludos cordiales,&nbsp;<\/p>\n\n\n\n<h4>JULIO VILAGRASA Y ASOCIADOS&nbsp;<\/h4>\n","protected":false},"excerpt":{"rendered":"<p>Conoce toda la repercusi\u00f3n del COVID-19 en el \u00e1mbito financiero.<\/p>\n","protected":false},"author":2,"featured_media":0,"comment_status":"open","ping_status":"open","sticky":false,"template":"","format":"standard","meta":[],"categories":[18,23],"tags":[],"yoast_head":"<!-- This site is optimized with the Yoast SEO plugin v14.6.1 - https:\/\/yoast.com\/wordpress\/plugins\/seo\/ -->\n<title>Nota informativa Real Decreto-Ley de medidas extraordinarias en relaci\u00f3n al COVID-19 en el \u00e1mbito financiero | Julio Vilagrasa<\/title>\n<meta name=\"description\" content=\"Conoce toda la repercusi\u00f3n del COVID-19 en el \u00e1mbito financiero.\" \/>\n<meta name=\"robots\" content=\"index, follow\" \/>\n<meta name=\"googlebot\" content=\"index, follow, max-snippet:-1, max-image-preview:large, max-video-preview:-1\" \/>\n<meta name=\"bingbot\" content=\"index, follow, max-snippet:-1, max-image-preview:large, max-video-preview:-1\" \/>\n<link rel=\"canonical\" href=\"https:\/\/juliovilagrasa.com\/es\/2020\/03\/18\/nota-informativa-real-decreto-ley-de-medidas-extraordinarias-en-relacion-al-covid-19-en-el-ambito-financiero\/\" \/>\n<meta property=\"og:locale\" content=\"es_ES\" \/>\n<meta property=\"og:type\" content=\"article\" \/>\n<meta property=\"og:title\" content=\"Nota informativa Real Decreto-Ley de medidas extraordinarias en relaci\u00f3n al COVID-19 en el \u00e1mbito financiero | Julio Vilagrasa\" \/>\n<meta property=\"og:description\" content=\"Conoce toda la repercusi\u00f3n del COVID-19 en el \u00e1mbito financiero.\" \/>\n<meta property=\"og:url\" content=\"https:\/\/juliovilagrasa.com\/es\/2020\/03\/18\/nota-informativa-real-decreto-ley-de-medidas-extraordinarias-en-relacion-al-covid-19-en-el-ambito-financiero\/\" \/>\n<meta property=\"og:site_name\" content=\"Julio Vilagrasa\" \/>\n<meta property=\"article:published_time\" content=\"2020-03-18T11:57:47+00:00\" \/>\n<meta property=\"article:modified_time\" content=\"2020-03-25T10:54:04+00:00\" \/>\n<meta name=\"twitter:card\" content=\"summary_large_image\" \/>\n<script type=\"application\/ld+json\" class=\"yoast-schema-graph\">{\"@context\":\"https:\/\/schema.org\",\"@graph\":[{\"@type\":\"Organization\",\"@id\":\"https:\/\/juliovilagrasa.com\/es\/#organization\",\"name\":\"Julio Vilagrasa y asociados\",\"url\":\"https:\/\/juliovilagrasa.com\/es\/\",\"sameAs\":[\"https:\/\/www.linkedin.com\/company\/vilagrasa-asociados\/about\/\"],\"logo\":{\"@type\":\"ImageObject\",\"@id\":\"https:\/\/juliovilagrasa.com\/es\/#logo\",\"inLanguage\":\"es\",\"url\":\"https:\/\/juliovilagrasa.com\/wp-content\/uploads\/2020\/03\/Julio-Vilagrasa-y-asociados.png\",\"width\":900,\"height\":238,\"caption\":\"Julio Vilagrasa y asociados\"},\"image\":{\"@id\":\"https:\/\/juliovilagrasa.com\/es\/#logo\"}},{\"@type\":\"WebSite\",\"@id\":\"https:\/\/juliovilagrasa.com\/es\/#website\",\"url\":\"https:\/\/juliovilagrasa.com\/es\/\",\"name\":\"Julio Vilagrasa y asociados\",\"description\":\"Advocats i Economistes\",\"publisher\":{\"@id\":\"https:\/\/juliovilagrasa.com\/es\/#organization\"},\"potentialAction\":[{\"@type\":\"SearchAction\",\"target\":\"https:\/\/juliovilagrasa.com\/es\/?s={search_term_string}\",\"query-input\":\"required name=search_term_string\"}],\"inLanguage\":\"es\"},{\"@type\":\"WebPage\",\"@id\":\"https:\/\/juliovilagrasa.com\/es\/2020\/03\/18\/nota-informativa-real-decreto-ley-de-medidas-extraordinarias-en-relacion-al-covid-19-en-el-ambito-financiero\/#webpage\",\"url\":\"https:\/\/juliovilagrasa.com\/es\/2020\/03\/18\/nota-informativa-real-decreto-ley-de-medidas-extraordinarias-en-relacion-al-covid-19-en-el-ambito-financiero\/\",\"name\":\"Nota informativa Real Decreto-Ley de medidas extraordinarias en relaci\\u00f3n al COVID-19 en el \\u00e1mbito financiero | Julio Vilagrasa\",\"isPartOf\":{\"@id\":\"https:\/\/juliovilagrasa.com\/es\/#website\"},\"datePublished\":\"2020-03-18T11:57:47+00:00\",\"dateModified\":\"2020-03-25T10:54:04+00:00\",\"description\":\"Conoce toda la repercusi\\u00f3n del COVID-19 en el \\u00e1mbito financiero.\",\"inLanguage\":\"es\",\"potentialAction\":[{\"@type\":\"ReadAction\",\"target\":[\"https:\/\/juliovilagrasa.com\/es\/2020\/03\/18\/nota-informativa-real-decreto-ley-de-medidas-extraordinarias-en-relacion-al-covid-19-en-el-ambito-financiero\/\"]}]},{\"@type\":\"Article\",\"@id\":\"https:\/\/juliovilagrasa.com\/es\/2020\/03\/18\/nota-informativa-real-decreto-ley-de-medidas-extraordinarias-en-relacion-al-covid-19-en-el-ambito-financiero\/#article\",\"isPartOf\":{\"@id\":\"https:\/\/juliovilagrasa.com\/es\/2020\/03\/18\/nota-informativa-real-decreto-ley-de-medidas-extraordinarias-en-relacion-al-covid-19-en-el-ambito-financiero\/#webpage\"},\"author\":{\"@id\":\"https:\/\/juliovilagrasa.com\/es\/#\/schema\/person\/64b9bf20c9c096163e15cf61a00f69ef\"},\"headline\":\"Nota informativa Real Decreto-Ley de medidas extraordinarias en relaci\\u00f3n al COVID-19 en el \\u00e1mbito financiero\",\"datePublished\":\"2020-03-18T11:57:47+00:00\",\"dateModified\":\"2020-03-25T10:54:04+00:00\",\"mainEntityOfPage\":{\"@id\":\"https:\/\/juliovilagrasa.com\/es\/2020\/03\/18\/nota-informativa-real-decreto-ley-de-medidas-extraordinarias-en-relacion-al-covid-19-en-el-ambito-financiero\/#webpage\"},\"commentCount\":0,\"publisher\":{\"@id\":\"https:\/\/juliovilagrasa.com\/es\/#organization\"},\"articleSection\":\"\\u00c1mbito financiero,Estado de alarma COVID-19\",\"inLanguage\":\"es\",\"potentialAction\":[{\"@type\":\"CommentAction\",\"name\":\"Comment\",\"target\":[\"https:\/\/juliovilagrasa.com\/es\/2020\/03\/18\/nota-informativa-real-decreto-ley-de-medidas-extraordinarias-en-relacion-al-covid-19-en-el-ambito-financiero\/#respond\"]}]},{\"@type\":[\"Person\"],\"@id\":\"https:\/\/juliovilagrasa.com\/es\/#\/schema\/person\/64b9bf20c9c096163e15cf61a00f69ef\",\"name\":\"juliovilagrasa\",\"image\":{\"@type\":\"ImageObject\",\"@id\":\"https:\/\/juliovilagrasa.com\/es\/#personlogo\",\"inLanguage\":\"es\",\"url\":\"http:\/\/2.gravatar.com\/avatar\/bdda4718155f8215ce9e4901102381f9?s=96&d=mm&r=g\",\"caption\":\"juliovilagrasa\"}}]}<\/script>\n<!-- \/ Yoast SEO plugin. -->","_links":{"self":[{"href":"https:\/\/juliovilagrasa.com\/es\/wp-json\/wp\/v2\/posts\/271"}],"collection":[{"href":"https:\/\/juliovilagrasa.com\/es\/wp-json\/wp\/v2\/posts"}],"about":[{"href":"https:\/\/juliovilagrasa.com\/es\/wp-json\/wp\/v2\/types\/post"}],"author":[{"embeddable":true,"href":"https:\/\/juliovilagrasa.com\/es\/wp-json\/wp\/v2\/users\/2"}],"replies":[{"embeddable":true,"href":"https:\/\/juliovilagrasa.com\/es\/wp-json\/wp\/v2\/comments?post=271"}],"version-history":[{"count":2,"href":"https:\/\/juliovilagrasa.com\/es\/wp-json\/wp\/v2\/posts\/271\/revisions"}],"predecessor-version":[{"id":338,"href":"https:\/\/juliovilagrasa.com\/es\/wp-json\/wp\/v2\/posts\/271\/revisions\/338"}],"wp:attachment":[{"href":"https:\/\/juliovilagrasa.com\/es\/wp-json\/wp\/v2\/media?parent=271"}],"wp:term":[{"taxonomy":"category","embeddable":true,"href":"https:\/\/juliovilagrasa.com\/es\/wp-json\/wp\/v2\/categories?post=271"},{"taxonomy":"post_tag","embeddable":true,"href":"https:\/\/juliovilagrasa.com\/es\/wp-json\/wp\/v2\/tags?post=271"}],"curies":[{"name":"wp","href":"https:\/\/api.w.org\/{rel}","templated":true}]}}