{"id":272,"date":"2020-03-18T11:41:00","date_gmt":"2020-03-18T11:41:00","guid":{"rendered":"https:\/\/juliovilagrasa.com\/2020\/03\/18\/formulacio-de-comptes-anuals-reunions-dorgans-de-govern-i-administracio-durant-lestat-dalarma\/"},"modified":"2020-03-25T10:54:04","modified_gmt":"2020-03-25T10:54:04","slug":"formulacion-de-cuentas-anuales-reuniones-de-organs-de-gobierno-y-administracion-durante-el-estado-de-alarma","status":"publish","type":"post","link":"https:\/\/juliovilagrasa.com\/es\/2020\/03\/18\/formulacion-de-cuentas-anuales-reuniones-de-organs-de-gobierno-y-administracion-durante-el-estado-de-alarma\/","title":{"rendered":"Formulaci\u00f3n de cuentas anuales. Reuniones de \u00f3rgans de gobierno y administraci\u00f3n durante el estado de alarma"},"content":{"rendered":"\n<p>&nbsp;Estimados\/as,&nbsp;<\/p>\n\n\n\n<p>Nos est\u00e1is trasladando consultas relativas a la preocupaci\u00f3n sobre la formulaci\u00f3n de las cuentas anuales que, de acuerdo con la Ley de Sociedades de Capital, se realizan en el plazo m\u00e1ximo de tres meses, a partir de la fecha de cierre del ejercicio social al que se refieren las cuentas anuales objeto de formulaci\u00f3n.&nbsp;<\/p>\n\n\n\n<p>Existen, tambi\u00e9n, otras reuniones de los \u00d3rganos de Administraci\u00f3n y de Gobierno que, debido a la desoladora situaci\u00f3n que estamos viviendo, no se pueden celebrar, al menos, de forma presencial.&nbsp;<\/p>\n\n\n\n<p>El Real Decreto-Ley 8\/2020, de 17 de marzo, de medidas urgentes extraordinarias para hacer frente al impacto econ\u00f3mico y social del Covidien-19, que os adelant\u00e1bamos esta ma\u00f1ana, prev\u00e9 lo siguiente (medidas de aplicaci\u00f3n durante el per\u00edodo de alarma):&nbsp;<\/p>\n\n\n\n<h2>(i) Medidas extraordinarias aplicables a las personas jur\u00eddicas de Derecho Privado.&nbsp;<\/h2>\n\n\n\n<ul><li>A\u00fan en los casos en que los Estatutos Sociales no lo prevean, las sesiones de los \u00d3rganos de Gobierno y Administraci\u00f3n de Asociaciones, Sociedades Civiles y Mercantiles, Cooperativas y Fundaciones, podr\u00e1n celebrarse por videoconferencia. Habr\u00e1 que realizarlas, eso s\u00ed, acreditando la autenticidad de las conexiones. La sesi\u00f3n se entender\u00e1 celebrada en el domicilio social.&nbsp;<\/li><li>Los acuerdos de los \u00d3rganos referidos se podr\u00e1n adoptar por escrito y sin sesi\u00f3n (votaci\u00f3n sin reuni\u00f3n presencial) siempre que lo decida el Presidente (o lo soliciten, en \u00d3rganos de Administraci\u00f3n, al menos, dos de sus miembros). Atenci\u00f3n a la remisi\u00f3n del Real Decreto al Reglamento del Registro Mercantil, conforme a la cual, aconsejamos que las celebraciones por escrito y sin sesi\u00f3n se hagan con consentimiento de todos los miembros.&nbsp;<\/li><li>El plazo de tres meses a contar desde el cierre del ejercicio social para formular las cuentas anuales queda suspendido hasta que finalice el estado de alarma &#8211; cuando \u00e9ste finalice se reanudar\u00e1 por tres meses m\u00e1s-.&nbsp;<\/li><li>Si las cuentas anuales ya han sido formuladas y requieren auditor\u00eda obligatoria, la emisi\u00f3n del correspondiente informe se entender\u00e1 prorrogada por dos meses m\u00e1s, desde la fecha de finalizaci\u00f3n del estado de alarma. En caso de que no hayan sido formuladas, el informe arrastrar\u00e1 el plazo referido en el apartado anterior.&nbsp;<\/li><li>En cuanto a la aprobaci\u00f3n de las cuentas anuales, tambi\u00e9n se desplaza el plazo de aprobaci\u00f3n (en Junta o Asamblea) a los tres meses siguientes a la finalizaci\u00f3n del plazo de formulaci\u00f3n de las cuentas anuales.&nbsp;<\/li><li>Aquellos que hubieran convocado la Junta o Asamblea de aprobaci\u00f3n antes de la declaraci\u00f3n del estado de alarma para una fecha de celebraci\u00f3n posterior a la declaraci\u00f3n, podr\u00e1n modificar la fecha y lugar de celebraci\u00f3n, o revocar el acuerdo de convocatoria, con una antelaci\u00f3n m\u00ednima de 48 horas (p\u00e1gina web, BOE &#8211; en este punto, esperamos nuevas resoluciones). La nueva convocatoria se deber\u00e1 realizar en el mes siguiente a la fecha de finalizaci\u00f3n del estado de alarma.&nbsp;<\/li><li>Las reuniones con asistencia de Notario podr\u00e1n realizarse tambi\u00e9n con la participaci\u00f3n telem\u00e1tica del Fedatario P\u00fablico.&nbsp;<\/li><\/ul>\n\n\n\n<h2>(ii) Medida especial para Sociedades de Capital.&nbsp;<\/h2>\n\n\n\n<p>Los socios no podr\u00e1n ejercitar el derecho de separaci\u00f3n hasta que finalice el estado de alarma.<\/p>\n\n\n\n<h2>(iii) Medida especial para Sociedades Cooperativas.<\/h2>\n\n\n\n<p>El reintegro de las aportaciones a los socios cooperativos que causen baja durante el estado de alarma queda prorrogado durante los seis meses siguientes a la finalizaci\u00f3n del periodo de alarma.&nbsp;<\/p>\n\n\n\n<p>Quedamos a vuestra disposici\u00f3n para cualquier duda o aclaraci\u00f3n.&nbsp;<\/p>\n\n\n\n<p>Saludos cordiales,&nbsp;<\/p>\n\n\n\n<h4>JULIO VILAGRASA Y ASOCIADOS&nbsp;<\/h4>\n","protected":false},"excerpt":{"rendered":"<p>Nos est\u00e1is trasladando consultas relativas a la preocupaci\u00f3n sobre la formulaci\u00f3n de las cuentas anuales que se realizan en el plazo m\u00e1ximo de 3 meses<\/p>\n","protected":false},"author":2,"featured_media":0,"comment_status":"open","ping_status":"open","sticky":false,"template":"","format":"standard","meta":[],"categories":[11,23],"tags":[],"yoast_head":"<!-- This site is optimized with the Yoast SEO plugin v14.6.1 - https:\/\/yoast.com\/wordpress\/plugins\/seo\/ -->\n<title>Formulaci\u00f3n de cuentas anuales. Reuniones de \u00f3rgans de gobierno y administraci\u00f3n durante el estado de alarma | Julio Vilagrasa<\/title>\n<meta name=\"description\" content=\"Nos est\u00e1is trasladando consultas relativas a la preocupaci\u00f3n sobre la formulaci\u00f3n de las cuentas anuales que se realizan en el plazo m\u00e1ximo de 3 meses\" \/>\n<meta name=\"robots\" content=\"index, follow\" \/>\n<meta name=\"googlebot\" content=\"index, follow, max-snippet:-1, max-image-preview:large, max-video-preview:-1\" \/>\n<meta name=\"bingbot\" content=\"index, follow, max-snippet:-1, max-image-preview:large, max-video-preview:-1\" \/>\n<link rel=\"canonical\" href=\"https:\/\/juliovilagrasa.com\/es\/2020\/03\/18\/formulacion-de-cuentas-anuales-reuniones-de-organs-de-gobierno-y-administracion-durante-el-estado-de-alarma\/\" \/>\n<meta property=\"og:locale\" content=\"es_ES\" \/>\n<meta property=\"og:type\" content=\"article\" \/>\n<meta property=\"og:title\" content=\"Formulaci\u00f3n de cuentas anuales. Reuniones de \u00f3rgans de gobierno y administraci\u00f3n durante el estado de alarma | Julio Vilagrasa\" \/>\n<meta property=\"og:description\" content=\"Nos est\u00e1is trasladando consultas relativas a la preocupaci\u00f3n sobre la formulaci\u00f3n de las cuentas anuales que se realizan en el plazo m\u00e1ximo de 3 meses\" \/>\n<meta property=\"og:url\" content=\"https:\/\/juliovilagrasa.com\/es\/2020\/03\/18\/formulacion-de-cuentas-anuales-reuniones-de-organs-de-gobierno-y-administracion-durante-el-estado-de-alarma\/\" \/>\n<meta property=\"og:site_name\" content=\"Julio Vilagrasa\" \/>\n<meta property=\"article:published_time\" content=\"2020-03-18T11:41:00+00:00\" \/>\n<meta property=\"article:modified_time\" content=\"2020-03-25T10:54:04+00:00\" \/>\n<meta name=\"twitter:card\" content=\"summary_large_image\" \/>\n<script type=\"application\/ld+json\" class=\"yoast-schema-graph\">{\"@context\":\"https:\/\/schema.org\",\"@graph\":[{\"@type\":\"Organization\",\"@id\":\"https:\/\/juliovilagrasa.com\/es\/#organization\",\"name\":\"Julio Vilagrasa y asociados\",\"url\":\"https:\/\/juliovilagrasa.com\/es\/\",\"sameAs\":[\"https:\/\/www.linkedin.com\/company\/vilagrasa-asociados\/about\/\"],\"logo\":{\"@type\":\"ImageObject\",\"@id\":\"https:\/\/juliovilagrasa.com\/es\/#logo\",\"inLanguage\":\"es\",\"url\":\"https:\/\/juliovilagrasa.com\/wp-content\/uploads\/2020\/03\/Julio-Vilagrasa-y-asociados.png\",\"width\":900,\"height\":238,\"caption\":\"Julio Vilagrasa y asociados\"},\"image\":{\"@id\":\"https:\/\/juliovilagrasa.com\/es\/#logo\"}},{\"@type\":\"WebSite\",\"@id\":\"https:\/\/juliovilagrasa.com\/es\/#website\",\"url\":\"https:\/\/juliovilagrasa.com\/es\/\",\"name\":\"Julio Vilagrasa y asociados\",\"description\":\"Advocats i Economistes\",\"publisher\":{\"@id\":\"https:\/\/juliovilagrasa.com\/es\/#organization\"},\"potentialAction\":[{\"@type\":\"SearchAction\",\"target\":\"https:\/\/juliovilagrasa.com\/es\/?s={search_term_string}\",\"query-input\":\"required name=search_term_string\"}],\"inLanguage\":\"es\"},{\"@type\":\"WebPage\",\"@id\":\"https:\/\/juliovilagrasa.com\/es\/2020\/03\/18\/formulacion-de-cuentas-anuales-reuniones-de-organs-de-gobierno-y-administracion-durante-el-estado-de-alarma\/#webpage\",\"url\":\"https:\/\/juliovilagrasa.com\/es\/2020\/03\/18\/formulacion-de-cuentas-anuales-reuniones-de-organs-de-gobierno-y-administracion-durante-el-estado-de-alarma\/\",\"name\":\"Formulaci\\u00f3n de cuentas anuales. Reuniones de \\u00f3rgans de gobierno y administraci\\u00f3n durante el estado de alarma | Julio Vilagrasa\",\"isPartOf\":{\"@id\":\"https:\/\/juliovilagrasa.com\/es\/#website\"},\"datePublished\":\"2020-03-18T11:41:00+00:00\",\"dateModified\":\"2020-03-25T10:54:04+00:00\",\"description\":\"Nos est\\u00e1is trasladando consultas relativas a la preocupaci\\u00f3n sobre la formulaci\\u00f3n de las cuentas anuales que se realizan en el plazo m\\u00e1ximo de 3 meses\",\"inLanguage\":\"es\",\"potentialAction\":[{\"@type\":\"ReadAction\",\"target\":[\"https:\/\/juliovilagrasa.com\/es\/2020\/03\/18\/formulacion-de-cuentas-anuales-reuniones-de-organs-de-gobierno-y-administracion-durante-el-estado-de-alarma\/\"]}]},{\"@type\":\"Article\",\"@id\":\"https:\/\/juliovilagrasa.com\/es\/2020\/03\/18\/formulacion-de-cuentas-anuales-reuniones-de-organs-de-gobierno-y-administracion-durante-el-estado-de-alarma\/#article\",\"isPartOf\":{\"@id\":\"https:\/\/juliovilagrasa.com\/es\/2020\/03\/18\/formulacion-de-cuentas-anuales-reuniones-de-organs-de-gobierno-y-administracion-durante-el-estado-de-alarma\/#webpage\"},\"author\":{\"@id\":\"https:\/\/juliovilagrasa.com\/es\/#\/schema\/person\/64b9bf20c9c096163e15cf61a00f69ef\"},\"headline\":\"Formulaci\\u00f3n de cuentas anuales. Reuniones de \\u00f3rgans de gobierno y administraci\\u00f3n durante el estado de alarma\",\"datePublished\":\"2020-03-18T11:41:00+00:00\",\"dateModified\":\"2020-03-25T10:54:04+00:00\",\"mainEntityOfPage\":{\"@id\":\"https:\/\/juliovilagrasa.com\/es\/2020\/03\/18\/formulacion-de-cuentas-anuales-reuniones-de-organs-de-gobierno-y-administracion-durante-el-estado-de-alarma\/#webpage\"},\"commentCount\":0,\"publisher\":{\"@id\":\"https:\/\/juliovilagrasa.com\/es\/#organization\"},\"articleSection\":\"\\u00c1mbito administrativo,Estado de alarma COVID-19\",\"inLanguage\":\"es\",\"potentialAction\":[{\"@type\":\"CommentAction\",\"name\":\"Comment\",\"target\":[\"https:\/\/juliovilagrasa.com\/es\/2020\/03\/18\/formulacion-de-cuentas-anuales-reuniones-de-organs-de-gobierno-y-administracion-durante-el-estado-de-alarma\/#respond\"]}]},{\"@type\":[\"Person\"],\"@id\":\"https:\/\/juliovilagrasa.com\/es\/#\/schema\/person\/64b9bf20c9c096163e15cf61a00f69ef\",\"name\":\"juliovilagrasa\",\"image\":{\"@type\":\"ImageObject\",\"@id\":\"https:\/\/juliovilagrasa.com\/es\/#personlogo\",\"inLanguage\":\"es\",\"url\":\"http:\/\/2.gravatar.com\/avatar\/bdda4718155f8215ce9e4901102381f9?s=96&d=mm&r=g\",\"caption\":\"juliovilagrasa\"}}]}<\/script>\n<!-- \/ Yoast SEO plugin. -->","_links":{"self":[{"href":"https:\/\/juliovilagrasa.com\/es\/wp-json\/wp\/v2\/posts\/272"}],"collection":[{"href":"https:\/\/juliovilagrasa.com\/es\/wp-json\/wp\/v2\/posts"}],"about":[{"href":"https:\/\/juliovilagrasa.com\/es\/wp-json\/wp\/v2\/types\/post"}],"author":[{"embeddable":true,"href":"https:\/\/juliovilagrasa.com\/es\/wp-json\/wp\/v2\/users\/2"}],"replies":[{"embeddable":true,"href":"https:\/\/juliovilagrasa.com\/es\/wp-json\/wp\/v2\/comments?post=272"}],"version-history":[{"count":3,"href":"https:\/\/juliovilagrasa.com\/es\/wp-json\/wp\/v2\/posts\/272\/revisions"}],"predecessor-version":[{"id":356,"href":"https:\/\/juliovilagrasa.com\/es\/wp-json\/wp\/v2\/posts\/272\/revisions\/356"}],"wp:attachment":[{"href":"https:\/\/juliovilagrasa.com\/es\/wp-json\/wp\/v2\/media?parent=272"}],"wp:term":[{"taxonomy":"category","embeddable":true,"href":"https:\/\/juliovilagrasa.com\/es\/wp-json\/wp\/v2\/categories?post=272"},{"taxonomy":"post_tag","embeddable":true,"href":"https:\/\/juliovilagrasa.com\/es\/wp-json\/wp\/v2\/tags?post=272"}],"curies":[{"name":"wp","href":"https:\/\/api.w.org\/{rel}","templated":true}]}}