{"id":274,"date":"2020-03-18T11:37:00","date_gmt":"2020-03-18T11:37:00","guid":{"rendered":"https:\/\/juliovilagrasa.com\/2020\/03\/18\/reial-decret-llei-de-mesures-urgents-extraordinaries-per-fer-front-a-limpacte-economic-i-social-del-covid-19-punts-destacats\/"},"modified":"2020-03-25T10:54:05","modified_gmt":"2020-03-25T10:54:05","slug":"real-decreto-ley-de-medidas-urgentes-extraordinarias-para-hacer-frente-al-impacto-economico-y-social-del-covid-19-puntos-destacados","status":"publish","type":"post","link":"https:\/\/juliovilagrasa.com\/es\/2020\/03\/18\/real-decreto-ley-de-medidas-urgentes-extraordinarias-para-hacer-frente-al-impacto-economico-y-social-del-covid-19-puntos-destacados\/","title":{"rendered":"Real Decreto-Ley de medidas urgentes extraordinarias para hacer frente al impacto econ\u00f3mico y social del COVID-19. Puntos destacados"},"content":{"rendered":"\n<p>&nbsp;El Consejo de Ministros ha aprobado un Real Decreto-Ley por el que se toman ciertas medidas de car\u00e1cter econ\u00f3mico, con el prop\u00f3sito de ayudar a nuestra econom\u00eda a superar la actual crisis financiera y dotarla de fundamento para una posterior recuperaci\u00f3n econ\u00f3mica. Los principales rasgos son los siguientes:&nbsp;<\/p>\n\n\n\n<h2>(i) Movilizaci\u00f3n de recursos econ\u00f3micos.&nbsp;<\/h2>\n\n\n\n<p>Se ha aprobado la mayor movilizaci\u00f3n de recursos econ\u00f3micos de la historia democr\u00e1tica en Espa\u00f1a, con un importe de doscientos millones de euros <strong>(\u20ac200.000.000.-)<\/strong> que representan, aproximadamente, un 20% del PIB. Se destinar\u00e1n a proteger a las familias, empresas, aut\u00f3nomos y trabajadores.&nbsp;<\/p>\n\n\n\n<h2>(ii) Se garantizan los servicios de suministro b\u00e1sicos.&nbsp;<\/h2>\n\n\n\n<p>&nbsp;Se garantizan los servicios de energ\u00eda, agua y telecomunicaciones para familias vulnerables.&nbsp;<\/p>\n\n\n\n<h2>(iii) Moratoria por los deudores hipotecarios.&nbsp;<\/h2>\n\n\n\n<p>Se aprueba una medida importante para garantizar el derecho a la vivienda para personas con dificultades, previendo una moratoria del pago de las cuotas de los pr\u00e9stamos hipotecarios.&nbsp;<\/p>\n\n\n\n<h2>(iv) Medidas de caracter laboral.&nbsp;<\/h2>\n\n\n\n<p>Se han aprobado una serie de medidas para proteger el mercado de trabajo, destacando las siguientes:&nbsp;<\/p>\n\n\n\n<ul><li>Los trabajadores asalariados podr\u00e1n adaptar o reducir su jornada laboral para hacer frente a las necesidades de conciliaci\u00f3n y cuidado de familiares con dependencia.&nbsp;<\/li><li>Se establece el trabajo como medida de flexibilidad laboral, si las circunstancias lo permiten.&nbsp;<\/li><li>Se simplifican y flexibilizan los procedimientos de ajustes temporales de la plantilla (EERTE). Los EERTE causados por la crisis del Covid-19 tendr\u00e1n la consideraci\u00f3n de fuerza mayor y los trabajadores tendr\u00e1n derecho a la prestaci\u00f3n contributiva por desempleo, pese a no cumplir con los requisitos de cotizaci\u00f3n exigidos por la normativa laboral.&nbsp;<\/li><li>El cobro de la prestaci\u00f3n contributiva por desempleo en los ERTE no computar\u00e1 a efectos de cobro de una posterior prestaci\u00f3n por paro.&nbsp;<\/li><li>Se exonera a los empresarios de la aportaci\u00f3n de la cuota empresarial de la Seguridad Social en todos los ERTE autorizados.&nbsp;<\/li><li>Se flexibiliza el cese de la actividad por los aut\u00f3nomos y se facilita el cobro de la prestaci\u00f3n en casos de dificultad.&nbsp;<\/li><\/ul>\n\n\n\n<h2>(v) Medidas para mitigar los problemas de liquidez de las empresas.&nbsp;<\/h2>\n\n\n\n<p>El Estado ser\u00e1 garante de operaciones crediticias. Se crea una l\u00ednea de avales y garant\u00edas p\u00fablicas para las empresas por valor de cien millones de euros (\u20ac1000.000.000.-), lo que permitir\u00e1 una movilizaci\u00f3n entre ciento cincuenta mil (\u20ac150.000.000.-) y dos- cientos millones de euros (\u20ac200.000.000.-).&nbsp;<\/p>\n\n\n\n<p>Se aprueba una l\u00ednea de avales adicional para empresas exportadoras de dos mil (2.000.000.000) millones de euros, con especial favorecimiento a las PYMES y medianas empresas.&nbsp;<\/p>\n\n\n\n<p>Para ayudar a las empresas contratistas con la Administraci\u00f3n, se establece un r\u00e9gimen extraordinario de suspensi\u00f3n de los contratos p\u00fablicos, ampliando plazos y compensando salarios, con el fin de evitar resoluciones contractuales y p\u00e9rdidas de puestos de trabajo.&nbsp;<\/p>\n\n\n\n<p>Mediante esta nota de urgencia facilitamos una visi\u00f3n general y gen\u00e9rica de este importante Real Decreto que, por su profundidad y extensi\u00f3n, iremos desarrollando con alertas que a iremos enviando a lo largo del d\u00eda de hoy.&nbsp;<\/p>\n\n\n\n<p>Quedamos a vuestra disposici\u00f3n para cualquier duda o aclaraci\u00f3n.&nbsp;<\/p>\n\n\n\n<p>Saludos cordiales,&nbsp;<\/p>\n\n\n\n<h4>JULIO VILAGRASA Y ASOCIADOS&nbsp;<\/h4>\n","protected":false},"excerpt":{"rendered":"<p>El Consejo de Ministros ha aprobado un Real Decreto-Ley por el que se toman ciertas medidas extraordinarias de car\u00e1cter econ\u00f3mico,<\/p>\n","protected":false},"author":2,"featured_media":0,"comment_status":"open","ping_status":"open","sticky":false,"template":"","format":"standard","meta":[],"categories":[23,1],"tags":[],"yoast_head":"<!-- This site is optimized with the Yoast SEO plugin v14.6.1 - https:\/\/yoast.com\/wordpress\/plugins\/seo\/ -->\n<title>Real Decreto-Ley de medidas urgentes extraordinarias para hacer frente al impacto econ\u00f3mico y social del COVID-19. Puntos destacados | Julio Vilagrasa<\/title>\n<meta name=\"description\" content=\"El Consejo de Ministros ha aprobado un Real Decreto-Ley por el que se toman ciertas medidas extraordinarias de car\u00e1cter econ\u00f3mico.\" \/>\n<meta name=\"robots\" content=\"index, follow\" \/>\n<meta name=\"googlebot\" content=\"index, follow, max-snippet:-1, max-image-preview:large, max-video-preview:-1\" \/>\n<meta name=\"bingbot\" content=\"index, follow, max-snippet:-1, max-image-preview:large, max-video-preview:-1\" \/>\n<link rel=\"canonical\" href=\"https:\/\/juliovilagrasa.com\/es\/2020\/03\/18\/real-decreto-ley-de-medidas-urgentes-extraordinarias-para-hacer-frente-al-impacto-economico-y-social-del-covid-19-puntos-destacados\/\" \/>\n<meta property=\"og:locale\" content=\"es_ES\" \/>\n<meta property=\"og:type\" content=\"article\" \/>\n<meta property=\"og:title\" content=\"Real Decreto-Ley de medidas urgentes extraordinarias para hacer frente al impacto econ\u00f3mico y social del COVID-19. Puntos destacados | Julio Vilagrasa\" \/>\n<meta property=\"og:description\" content=\"El Consejo de Ministros ha aprobado un Real Decreto-Ley por el que se toman ciertas medidas extraordinarias de car\u00e1cter econ\u00f3mico.\" \/>\n<meta property=\"og:url\" content=\"https:\/\/juliovilagrasa.com\/es\/2020\/03\/18\/real-decreto-ley-de-medidas-urgentes-extraordinarias-para-hacer-frente-al-impacto-economico-y-social-del-covid-19-puntos-destacados\/\" \/>\n<meta property=\"og:site_name\" content=\"Julio Vilagrasa\" \/>\n<meta property=\"article:published_time\" content=\"2020-03-18T11:37:00+00:00\" \/>\n<meta property=\"article:modified_time\" content=\"2020-03-25T10:54:05+00:00\" \/>\n<meta name=\"twitter:card\" content=\"summary_large_image\" \/>\n<script type=\"application\/ld+json\" class=\"yoast-schema-graph\">{\"@context\":\"https:\/\/schema.org\",\"@graph\":[{\"@type\":\"Organization\",\"@id\":\"https:\/\/juliovilagrasa.com\/es\/#organization\",\"name\":\"Julio Vilagrasa y asociados\",\"url\":\"https:\/\/juliovilagrasa.com\/es\/\",\"sameAs\":[\"https:\/\/www.linkedin.com\/company\/vilagrasa-asociados\/about\/\"],\"logo\":{\"@type\":\"ImageObject\",\"@id\":\"https:\/\/juliovilagrasa.com\/es\/#logo\",\"inLanguage\":\"es\",\"url\":\"https:\/\/juliovilagrasa.com\/wp-content\/uploads\/2020\/03\/Julio-Vilagrasa-y-asociados.png\",\"width\":900,\"height\":238,\"caption\":\"Julio Vilagrasa y asociados\"},\"image\":{\"@id\":\"https:\/\/juliovilagrasa.com\/es\/#logo\"}},{\"@type\":\"WebSite\",\"@id\":\"https:\/\/juliovilagrasa.com\/es\/#website\",\"url\":\"https:\/\/juliovilagrasa.com\/es\/\",\"name\":\"Julio Vilagrasa y asociados\",\"description\":\"Advocats i Economistes\",\"publisher\":{\"@id\":\"https:\/\/juliovilagrasa.com\/es\/#organization\"},\"potentialAction\":[{\"@type\":\"SearchAction\",\"target\":\"https:\/\/juliovilagrasa.com\/es\/?s={search_term_string}\",\"query-input\":\"required name=search_term_string\"}],\"inLanguage\":\"es\"},{\"@type\":\"WebPage\",\"@id\":\"https:\/\/juliovilagrasa.com\/es\/2020\/03\/18\/real-decreto-ley-de-medidas-urgentes-extraordinarias-para-hacer-frente-al-impacto-economico-y-social-del-covid-19-puntos-destacados\/#webpage\",\"url\":\"https:\/\/juliovilagrasa.com\/es\/2020\/03\/18\/real-decreto-ley-de-medidas-urgentes-extraordinarias-para-hacer-frente-al-impacto-economico-y-social-del-covid-19-puntos-destacados\/\",\"name\":\"Real Decreto-Ley de medidas urgentes extraordinarias para hacer frente al impacto econ\\u00f3mico y social del COVID-19. Puntos destacados | Julio Vilagrasa\",\"isPartOf\":{\"@id\":\"https:\/\/juliovilagrasa.com\/es\/#website\"},\"datePublished\":\"2020-03-18T11:37:00+00:00\",\"dateModified\":\"2020-03-25T10:54:05+00:00\",\"description\":\"El Consejo de Ministros ha aprobado un Real Decreto-Ley por el que se toman ciertas medidas extraordinarias de car\\u00e1cter econ\\u00f3mico.\",\"inLanguage\":\"es\",\"potentialAction\":[{\"@type\":\"ReadAction\",\"target\":[\"https:\/\/juliovilagrasa.com\/es\/2020\/03\/18\/real-decreto-ley-de-medidas-urgentes-extraordinarias-para-hacer-frente-al-impacto-economico-y-social-del-covid-19-puntos-destacados\/\"]}]},{\"@type\":\"Article\",\"@id\":\"https:\/\/juliovilagrasa.com\/es\/2020\/03\/18\/real-decreto-ley-de-medidas-urgentes-extraordinarias-para-hacer-frente-al-impacto-economico-y-social-del-covid-19-puntos-destacados\/#article\",\"isPartOf\":{\"@id\":\"https:\/\/juliovilagrasa.com\/es\/2020\/03\/18\/real-decreto-ley-de-medidas-urgentes-extraordinarias-para-hacer-frente-al-impacto-economico-y-social-del-covid-19-puntos-destacados\/#webpage\"},\"author\":{\"@id\":\"https:\/\/juliovilagrasa.com\/es\/#\/schema\/person\/64b9bf20c9c096163e15cf61a00f69ef\"},\"headline\":\"Real Decreto-Ley de medidas urgentes extraordinarias para hacer frente al impacto econ\\u00f3mico y social del COVID-19. Puntos destacados\",\"datePublished\":\"2020-03-18T11:37:00+00:00\",\"dateModified\":\"2020-03-25T10:54:05+00:00\",\"mainEntityOfPage\":{\"@id\":\"https:\/\/juliovilagrasa.com\/es\/2020\/03\/18\/real-decreto-ley-de-medidas-urgentes-extraordinarias-para-hacer-frente-al-impacto-economico-y-social-del-covid-19-puntos-destacados\/#webpage\"},\"commentCount\":0,\"publisher\":{\"@id\":\"https:\/\/juliovilagrasa.com\/es\/#organization\"},\"articleSection\":\"Estado de alarma COVID-19,General\",\"inLanguage\":\"es\",\"potentialAction\":[{\"@type\":\"CommentAction\",\"name\":\"Comment\",\"target\":[\"https:\/\/juliovilagrasa.com\/es\/2020\/03\/18\/real-decreto-ley-de-medidas-urgentes-extraordinarias-para-hacer-frente-al-impacto-economico-y-social-del-covid-19-puntos-destacados\/#respond\"]}]},{\"@type\":[\"Person\"],\"@id\":\"https:\/\/juliovilagrasa.com\/es\/#\/schema\/person\/64b9bf20c9c096163e15cf61a00f69ef\",\"name\":\"juliovilagrasa\",\"image\":{\"@type\":\"ImageObject\",\"@id\":\"https:\/\/juliovilagrasa.com\/es\/#personlogo\",\"inLanguage\":\"es\",\"url\":\"http:\/\/2.gravatar.com\/avatar\/bdda4718155f8215ce9e4901102381f9?s=96&d=mm&r=g\",\"caption\":\"juliovilagrasa\"}}]}<\/script>\n<!-- \/ Yoast SEO plugin. -->","_links":{"self":[{"href":"https:\/\/juliovilagrasa.com\/es\/wp-json\/wp\/v2\/posts\/274"}],"collection":[{"href":"https:\/\/juliovilagrasa.com\/es\/wp-json\/wp\/v2\/posts"}],"about":[{"href":"https:\/\/juliovilagrasa.com\/es\/wp-json\/wp\/v2\/types\/post"}],"author":[{"embeddable":true,"href":"https:\/\/juliovilagrasa.com\/es\/wp-json\/wp\/v2\/users\/2"}],"replies":[{"embeddable":true,"href":"https:\/\/juliovilagrasa.com\/es\/wp-json\/wp\/v2\/comments?post=274"}],"version-history":[{"count":2,"href":"https:\/\/juliovilagrasa.com\/es\/wp-json\/wp\/v2\/posts\/274\/revisions"}],"predecessor-version":[{"id":340,"href":"https:\/\/juliovilagrasa.com\/es\/wp-json\/wp\/v2\/posts\/274\/revisions\/340"}],"wp:attachment":[{"href":"https:\/\/juliovilagrasa.com\/es\/wp-json\/wp\/v2\/media?parent=274"}],"wp:term":[{"taxonomy":"category","embeddable":true,"href":"https:\/\/juliovilagrasa.com\/es\/wp-json\/wp\/v2\/categories?post=274"},{"taxonomy":"post_tag","embeddable":true,"href":"https:\/\/juliovilagrasa.com\/es\/wp-json\/wp\/v2\/tags?post=274"}],"curies":[{"name":"wp","href":"https:\/\/api.w.org\/{rel}","templated":true}]}}