{"id":275,"date":"2020-03-17T16:31:00","date_gmt":"2020-03-17T16:31:00","guid":{"rendered":"https:\/\/juliovilagrasa.com\/2020\/03\/17\/principals-novetats-legislatives-fins-la-data-actual-en-materia-fiscal-i-administrativa\/"},"modified":"2020-03-25T10:54:06","modified_gmt":"2020-03-25T10:54:06","slug":"principales-novedades-legislativas-hasta-la-fecha-actual-en-materia-fiscal-y-administrativa","status":"publish","type":"post","link":"https:\/\/juliovilagrasa.com\/es\/2020\/03\/17\/principales-novedades-legislativas-hasta-la-fecha-actual-en-materia-fiscal-y-administrativa\/","title":{"rendered":"Principales novedades legislativas hasta la fecha actual en materia fiscal y administrativa"},"content":{"rendered":"\n<p>&nbsp;Estimados\/as,&nbsp;<\/p>\n\n\n\n<p>Durante estos d\u00edas os iremos reportando actualizaciones sobre temas que puedan ser de actualidad e inter\u00e9s, con el prop\u00f3sito de poderos facilitar, de forma \u00e1gil, cuestiones que puedan ir surgiendo.&nbsp;<\/p>\n\n\n\n<p>Os animamos a enviarnos las consultas o comentarios que consider\u00e9is.&nbsp;<\/p>\n\n\n\n<hr class=\"wp-block-separator\"\/>\n\n\n\n<h2>FISCAL&nbsp;<\/h2>\n\n\n\n<h3><strong>\u00bfCu\u00e1les son las novedades m\u00e1s importantes en el \u00e1mbito tributario que se han adoptado hasta ahora?&nbsp;<\/strong><\/h3>\n\n\n\n<p><strong>Aplazamiento sin garant\u00eda de deudas tributarias de PYMES y aut\u00f3nomos.&nbsp;<\/strong><\/p>\n\n\n\n<p>&nbsp;El Real Decreto 7\/2020, de 12 de marzo, por el que se adoptan medidas urgentes para responder al impacto econ\u00f3mico del Covid-19, prev\u00e9 el aplazamiento sin garant\u00eda por deudas de PYMES y Aut\u00f3nomos, con la siguiente extensi\u00f3n:&nbsp;<\/p>\n\n\n\n<ul><li>(i) S\u00f3lo se aplica a tributos de car\u00e1cter <strong>estatal<\/strong>.&nbsp;<\/li><li>(ii) Comprende un \u00e1mbito temporal limitado a todas aquellas liquidaciones y autoliquidaciones a presentar e ingresar entre el <strong>13 de marzo de 2020 y el 30 de mayo de 2020<\/strong> (quedan incluidas las deudas por retenciones y por pagos fraccionados Impuesto sobre Sociedades).&nbsp;<\/li><li>(iii) Pueden acogerse a estas ventajas las personas y entidades con un volumen de operaciones no superior a \u20ac6.010.121,04.- en el ejercicio 2.019.&nbsp;<\/li><li>(iv) Deben cumplirse los requisitos previstos en el art\u00edculo 82.2 a) de la Ley General Tributaria y normativa complementaria. Esta normativa prev\u00e9 que se pueden aplazar, sin garant\u00eda o garant\u00eda total, las <strong>deudas tributarias de cuant\u00eda inferior a \u20ac30.000.-.&nbsp;<\/strong><\/li><li>(v) Condiciones aplazamiento: Se conceder\u00e1n por plazo de <strong>seis (6) meses<\/strong>, sin devengo de inter\u00e9s de demora durante los <strong>primeros tres (3) meses<\/strong>.&nbsp;<\/li><\/ul>\n\n\n\n<p><\/p>\n\n\n\n<p><strong>Suspensi\u00f3n del servicio presencial en las Oficinas de la Agencia Estatal Tributaria&nbsp;<\/strong><\/p>\n\n\n\n<p>Las oficinas de la Agencia Estatal Tributaria permanecer\u00e1n temporalmente cerradas para atenci\u00f3n presencial.&nbsp;<\/p>\n\n\n\n<p>Cabe recordar que el Decreto de Alarma (Real Decreto 463\/2020) estableci\u00f3 la suspensi\u00f3n de los plazos administrativos.&nbsp;<\/p>\n\n\n\n<p>La Agencia Estatal Tributaria est\u00e1 trabajando diferentes aspectos de inter\u00e9s en la realizaci\u00f3n de tr\u00e1mites con la misma, como, por ejemplo, la obtenci\u00f3n del certificado digital. En este sentido, la AEAT acaba de emitir el siguiente comunicado (fuente REAF): :\u201c<em>En relaci\u00f3n con aquellos contribuyentes cuyo certificado electr\u00f3nico est\u00e9 caducado o pr\u00f3ximo a caducar, la AEAT ya ha desarrollado la soluci\u00f3n t\u00e9cnica que les hab\u00edamos anunciado esta ma\u00f1ana, permitiendo el uso de los certificados caducados en su SEDE de acuerdo con lo previsto en Real Decreto 463\/2020, de 14 de marzo. Si su navegador habitual no se lo permite, le recomendamos lo traslade al FireFox donde podr\u00e1 seguir us\u00e1ndolo<\/em>\u201d.&nbsp;<\/p>\n\n\n\n<p><\/p>\n\n\n\n<p><strong>Suspensi\u00f3n de plazos de los procedimientos de tramitaci\u00f3n tributaria en Catalu\u00f1a.&nbsp;<\/strong><\/p>\n\n\n\n<p>La Agencia Tributaria de Catalu\u00f1a, con efectos desde el 16 de marzo de 2020, ha adoptado una serie de medidas en relaci\u00f3n a los plazos de los procedimientos tributarios, con la siguiente extensi\u00f3n:&nbsp;<\/p>\n\n\n\n<ul><li>(i) Suspensi\u00f3n e interrupci\u00f3n de los plazos de los procedimientos de gesti\u00f3n, inspecci\u00f3n y recaudaci\u00f3n.&nbsp;<\/li><li>(ii) Suspensi\u00f3n de plazos de prescripci\u00f3n y caducidad.&nbsp;<\/li><li>(iii) Suspensi\u00f3n del servicio presencial. Las oficinas permanecer\u00e1n cerradas.&nbsp;<\/li><\/ul>\n\n\n\n<hr class=\"wp-block-separator\"\/>\n\n\n\n<p><\/p>\n\n\n\n<h2>JUDICIAL &#8211; ADMINISTRATIVO. PRESCRIPCI\u00d3N Y CADUCIDAD.<\/h2>\n\n\n\n<h3><strong>Tengo un juicio en curso o lo tengo que iniciar. Quiero reclamar el pago de una deuda, \u00bfqu\u00e9 hago?&nbsp;<\/strong><\/h3>\n\n\n\n<p>El Real Decreto de Alarma (Real Decreto 463\/2020), ante la incertidumbre de la situaci\u00f3n sanitaria y la excepcionalidad de la misma, dispone una suspensi\u00f3n de los plazos procesales en los siguientes t\u00e9rminos:&nbsp;<\/p>\n\n\n\n<ul><li>(i) Quedan suspendidos los plazos procesales, administrativos y de prescripci\u00f3n y caducidad.&nbsp;<\/li><li>(ii) En cuanto a los plazos procesales, quedan suspendidos en todos los \u00f3rdenes jurisdiccionales, con algunas excepciones en el orden penal, laboral o sobre derechos fundamentales.&nbsp;<\/li><li>(iii) En cuanto a los plazos administrativos, se decreta una suspensi\u00f3n e interrupci\u00f3n general en todo el sector p\u00fablico<sup>1<\/sup>.&nbsp;<\/li><li>(iv) Por \u00faltimo y en relaci\u00f3n a los plazos de prescripci\u00f3n y caducidad de todo tipo de acciones o derechos, quedan suspendidos a lo largo del plazo de vigencia del estado de alarma<sup>2<\/sup>.&nbsp;<\/li><\/ul>\n\n\n\n<p>Las distintas Administraciones han quedado pr\u00e1cticamente paralizadas con las medidas adoptadas, principalmente en cuanto a atenci\u00f3n personal presencial. Por ello, la nueva normativa prev\u00e9 una \u00abpausa\u00bb de plazos y procedimientos, a los efectos no perjudicar las pretensiones de las personas y el inicio y tr\u00e1mite de los procedimientos en los distintos \u00f3rdenes jurisdiccionales.&nbsp;<\/p>\n\n\n\n<p>Una vez levantado el estado de alarma, los plazos y procedimientos se iniciar\u00e1n de nuevo en el mismo momento temporal o procesal que se encontraban con anterioridad al decreto de alarma.&nbsp;<\/p>\n\n\n\n<p>Quedamos a su disposici\u00f3n para cualquier duda o aclaraci\u00f3n.&nbsp;<\/p>\n\n\n\n<p>Saludos cordiales,&nbsp;<\/p>\n\n\n\n<h4>JULIO VILAGRASA Y ASOCIADOS&nbsp;<\/h4>\n\n\n\n<p>1 Pendiente de desarrollo.&nbsp;<\/p>\n\n\n\n<p>2 Pendiente de desarrollo. &nbsp;<\/p>\n","protected":false},"excerpt":{"rendered":"<p>Reportaremos actualitzaciones sobre temas de actualidad. \u00bfCu\u00e1les s\u00f3n las novedades legislativas m\u00e1s importantes en el \u00e0mbito tributario que se han adoptado?<\/p>\n","protected":false},"author":2,"featured_media":0,"comment_status":"open","ping_status":"open","sticky":false,"template":"","format":"standard","meta":[],"categories":[23,1],"tags":[],"yoast_head":"<!-- This site is optimized with the Yoast SEO plugin v14.6.1 - https:\/\/yoast.com\/wordpress\/plugins\/seo\/ -->\n<title>Principales novedades legislativas hasta la fecha actual en materia fiscal y administrativa | Julio Vilagrasa<\/title>\n<meta name=\"description\" content=\"Reportaremos actualitzaciones sobre temas de actualidad. \u00bfCu\u00e1les s\u00f3n las novedades legislativas m\u00e1s importantes en el \u00e0mbito tributario que se han adoptado?\" \/>\n<meta name=\"robots\" content=\"index, follow\" \/>\n<meta name=\"googlebot\" content=\"index, follow, max-snippet:-1, max-image-preview:large, max-video-preview:-1\" \/>\n<meta name=\"bingbot\" content=\"index, follow, max-snippet:-1, max-image-preview:large, max-video-preview:-1\" \/>\n<link rel=\"canonical\" href=\"https:\/\/juliovilagrasa.com\/es\/2020\/03\/17\/principales-novedades-legislativas-hasta-la-fecha-actual-en-materia-fiscal-y-administrativa\/\" \/>\n<meta property=\"og:locale\" content=\"es_ES\" \/>\n<meta property=\"og:type\" content=\"article\" \/>\n<meta property=\"og:title\" content=\"Principales novedades legislativas hasta la fecha actual en materia fiscal y administrativa | Julio Vilagrasa\" \/>\n<meta property=\"og:description\" content=\"Reportaremos actualitzaciones sobre temas de actualidad. \u00bfCu\u00e1les s\u00f3n las novedades legislativas m\u00e1s importantes en el \u00e0mbito tributario que se han adoptado?\" \/>\n<meta property=\"og:url\" content=\"https:\/\/juliovilagrasa.com\/es\/2020\/03\/17\/principales-novedades-legislativas-hasta-la-fecha-actual-en-materia-fiscal-y-administrativa\/\" \/>\n<meta property=\"og:site_name\" content=\"Julio Vilagrasa\" \/>\n<meta property=\"article:published_time\" content=\"2020-03-17T16:31:00+00:00\" \/>\n<meta property=\"article:modified_time\" content=\"2020-03-25T10:54:06+00:00\" \/>\n<meta name=\"twitter:card\" content=\"summary_large_image\" \/>\n<script type=\"application\/ld+json\" class=\"yoast-schema-graph\">{\"@context\":\"https:\/\/schema.org\",\"@graph\":[{\"@type\":\"Organization\",\"@id\":\"https:\/\/juliovilagrasa.com\/es\/#organization\",\"name\":\"Julio Vilagrasa y asociados\",\"url\":\"https:\/\/juliovilagrasa.com\/es\/\",\"sameAs\":[\"https:\/\/www.linkedin.com\/company\/vilagrasa-asociados\/about\/\"],\"logo\":{\"@type\":\"ImageObject\",\"@id\":\"https:\/\/juliovilagrasa.com\/es\/#logo\",\"inLanguage\":\"es\",\"url\":\"https:\/\/juliovilagrasa.com\/wp-content\/uploads\/2020\/03\/Julio-Vilagrasa-y-asociados.png\",\"width\":900,\"height\":238,\"caption\":\"Julio Vilagrasa y asociados\"},\"image\":{\"@id\":\"https:\/\/juliovilagrasa.com\/es\/#logo\"}},{\"@type\":\"WebSite\",\"@id\":\"https:\/\/juliovilagrasa.com\/es\/#website\",\"url\":\"https:\/\/juliovilagrasa.com\/es\/\",\"name\":\"Julio Vilagrasa y asociados\",\"description\":\"Advocats i Economistes\",\"publisher\":{\"@id\":\"https:\/\/juliovilagrasa.com\/es\/#organization\"},\"potentialAction\":[{\"@type\":\"SearchAction\",\"target\":\"https:\/\/juliovilagrasa.com\/es\/?s={search_term_string}\",\"query-input\":\"required name=search_term_string\"}],\"inLanguage\":\"es\"},{\"@type\":\"WebPage\",\"@id\":\"https:\/\/juliovilagrasa.com\/es\/2020\/03\/17\/principales-novedades-legislativas-hasta-la-fecha-actual-en-materia-fiscal-y-administrativa\/#webpage\",\"url\":\"https:\/\/juliovilagrasa.com\/es\/2020\/03\/17\/principales-novedades-legislativas-hasta-la-fecha-actual-en-materia-fiscal-y-administrativa\/\",\"name\":\"Principales novedades legislativas hasta la fecha actual en materia fiscal y administrativa | Julio Vilagrasa\",\"isPartOf\":{\"@id\":\"https:\/\/juliovilagrasa.com\/es\/#website\"},\"datePublished\":\"2020-03-17T16:31:00+00:00\",\"dateModified\":\"2020-03-25T10:54:06+00:00\",\"description\":\"Reportaremos actualitzaciones sobre temas de actualidad. \\u00bfCu\\u00e1les s\\u00f3n las novedades legislativas m\\u00e1s importantes en el \\u00e0mbito tributario que se han adoptado?\",\"inLanguage\":\"es\",\"potentialAction\":[{\"@type\":\"ReadAction\",\"target\":[\"https:\/\/juliovilagrasa.com\/es\/2020\/03\/17\/principales-novedades-legislativas-hasta-la-fecha-actual-en-materia-fiscal-y-administrativa\/\"]}]},{\"@type\":\"Article\",\"@id\":\"https:\/\/juliovilagrasa.com\/es\/2020\/03\/17\/principales-novedades-legislativas-hasta-la-fecha-actual-en-materia-fiscal-y-administrativa\/#article\",\"isPartOf\":{\"@id\":\"https:\/\/juliovilagrasa.com\/es\/2020\/03\/17\/principales-novedades-legislativas-hasta-la-fecha-actual-en-materia-fiscal-y-administrativa\/#webpage\"},\"author\":{\"@id\":\"https:\/\/juliovilagrasa.com\/es\/#\/schema\/person\/64b9bf20c9c096163e15cf61a00f69ef\"},\"headline\":\"Principales novedades legislativas hasta la fecha actual en materia fiscal y administrativa\",\"datePublished\":\"2020-03-17T16:31:00+00:00\",\"dateModified\":\"2020-03-25T10:54:06+00:00\",\"mainEntityOfPage\":{\"@id\":\"https:\/\/juliovilagrasa.com\/es\/2020\/03\/17\/principales-novedades-legislativas-hasta-la-fecha-actual-en-materia-fiscal-y-administrativa\/#webpage\"},\"commentCount\":0,\"publisher\":{\"@id\":\"https:\/\/juliovilagrasa.com\/es\/#organization\"},\"articleSection\":\"Estado de alarma COVID-19,General\",\"inLanguage\":\"es\",\"potentialAction\":[{\"@type\":\"CommentAction\",\"name\":\"Comment\",\"target\":[\"https:\/\/juliovilagrasa.com\/es\/2020\/03\/17\/principales-novedades-legislativas-hasta-la-fecha-actual-en-materia-fiscal-y-administrativa\/#respond\"]}]},{\"@type\":[\"Person\"],\"@id\":\"https:\/\/juliovilagrasa.com\/es\/#\/schema\/person\/64b9bf20c9c096163e15cf61a00f69ef\",\"name\":\"juliovilagrasa\",\"image\":{\"@type\":\"ImageObject\",\"@id\":\"https:\/\/juliovilagrasa.com\/es\/#personlogo\",\"inLanguage\":\"es\",\"url\":\"http:\/\/2.gravatar.com\/avatar\/bdda4718155f8215ce9e4901102381f9?s=96&d=mm&r=g\",\"caption\":\"juliovilagrasa\"}}]}<\/script>\n<!-- \/ Yoast SEO plugin. -->","_links":{"self":[{"href":"https:\/\/juliovilagrasa.com\/es\/wp-json\/wp\/v2\/posts\/275"}],"collection":[{"href":"https:\/\/juliovilagrasa.com\/es\/wp-json\/wp\/v2\/posts"}],"about":[{"href":"https:\/\/juliovilagrasa.com\/es\/wp-json\/wp\/v2\/types\/post"}],"author":[{"embeddable":true,"href":"https:\/\/juliovilagrasa.com\/es\/wp-json\/wp\/v2\/users\/2"}],"replies":[{"embeddable":true,"href":"https:\/\/juliovilagrasa.com\/es\/wp-json\/wp\/v2\/comments?post=275"}],"version-history":[{"count":2,"href":"https:\/\/juliovilagrasa.com\/es\/wp-json\/wp\/v2\/posts\/275\/revisions"}],"predecessor-version":[{"id":341,"href":"https:\/\/juliovilagrasa.com\/es\/wp-json\/wp\/v2\/posts\/275\/revisions\/341"}],"wp:attachment":[{"href":"https:\/\/juliovilagrasa.com\/es\/wp-json\/wp\/v2\/media?parent=275"}],"wp:term":[{"taxonomy":"category","embeddable":true,"href":"https:\/\/juliovilagrasa.com\/es\/wp-json\/wp\/v2\/categories?post=275"},{"taxonomy":"post_tag","embeddable":true,"href":"https:\/\/juliovilagrasa.com\/es\/wp-json\/wp\/v2\/tags?post=275"}],"curies":[{"name":"wp","href":"https:\/\/api.w.org\/{rel}","templated":true}]}}