{"id":281,"date":"2020-03-19T12:11:00","date_gmt":"2020-03-19T12:11:00","guid":{"rendered":"https:\/\/juliovilagrasa.com\/2020\/03\/19\/prestacio-extraordinaria-per-cessament-de-lactivitat-dafectats-per-la-declaracio-destat-dalarma\/"},"modified":"2020-03-25T10:54:02","modified_gmt":"2020-03-25T10:54:02","slug":"prestacion-extraordinaria-por-cese-de-la-actividad-de-afectados-por-la-declaracion-de-estado-de-alarma","status":"publish","type":"post","link":"https:\/\/juliovilagrasa.com\/es\/2020\/03\/19\/prestacion-extraordinaria-por-cese-de-la-actividad-de-afectados-por-la-declaracion-de-estado-de-alarma\/","title":{"rendered":"Prestaci\u00f3n extraordinaria por cese de la actividad de afectados por la declaraci\u00f3n de estado de alarma"},"content":{"rendered":"\n<p>&nbsp;Como consecuencia de la entrada en vigor del Real Decreto 463\/2020, de 14 de marzo, por el que se declar\u00f3 el estado de alarma para la gesti\u00f3n de la crisis sanitaria producida por Covid-19, <strong>muchos trabajadores por cuenta propia o aut\u00f3nomos<\/strong> han visto suspendidas sus actividades forzosamente por aplicaci\u00f3n de aquella norma, o est\u00e1n sufriendo importantes p\u00e9rdidas en su facturaci\u00f3n.&nbsp;<\/p>\n\n\n\n<p>Para paliar de alguna forma la delicada situaci\u00f3n de trabajadores aut\u00f3nomos que la norma protege, el Gobierno ha establecido el derecho a la prestaci\u00f3n extraordinaria por cese de actividad, siempre que:&nbsp;<\/p>\n\n\n\n<ul><li>(i) Est\u00e9n afiliados y dados de alta en el r\u00e9gimen correspondiente.&nbsp;<\/li><li>(ii) Si la actividad desarrollada no es de las que directamente ha suspendido el Decreto de Alarma, acrediten una reducci\u00f3n de al menos el 75% de su facturaci\u00f3n, en relaci\u00f3n al semestre anterior.&nbsp;<\/li><li>(iii) Se encuentren al corriente del pago de cuotas a la Seguridad Social. Excepcionalmente, si el trabajador no est\u00e1 al d\u00eda de sus obligaciones con la Seguridad Social, podr\u00e1 abonar las cuotas pendientes dentro de los 30 d\u00edas naturales siguientes, para poder cumplir este requisito.&nbsp;<\/li><\/ul>\n\n\n\n<p>Esta medida es extraordinaria y temporal, en conjunci\u00f3n con el estado de alarma. El tiempo de percepci\u00f3n tendr\u00e1 la consideraci\u00f3n de cotizado y no reducir\u00e1 los periodos de prestaci\u00f3n por cese de actividad a todos aquellos que tengan el derecho a futuro.&nbsp;<\/p>\n\n\n\n<p>La norma extiende el derecho a prestaci\u00f3n a trabajadores de las cooperativas de trabajo asociado que est\u00e9n encuadrados como trabajadores por cuenta propia en el r\u00e9gimen especial, siempre y cuando se den las dem\u00e1s condiciones.&nbsp;<\/p>\n\n\n\n<h2>MEDIDAS ESPECIALES EN CATALU\u00d1A<\/h2>\n\n\n\n<p>El Gobierno de la <em>Generalitat de Catalunya <\/em>ha aprobado, como medida extraordinaria, una partida de 7.500.000 millones de euros para compensar las p\u00e9rdidas de los trabajadores aut\u00f3nomos.&nbsp;<\/p>\n\n\n\n<p>En este sentido, los trabajadores aut\u00f3nomos afectados por la crisis que se hayan visto forzados a cerrar y\/o acrediten una reducci\u00f3n dr\u00e1stica e involuntaria de su facturaci\u00f3n, como consecuencia de los efectos del coronavirus, podr\u00e1n solicitar una ayuda de hasta 2.000 euros para compensar la situaci\u00f3n.&nbsp;<\/p>\n\n\n\n<p>Ser\u00e1n requisitos necesarios que figuren de alta en actividades respecto de las que las autoridades sanitarias han decretado el cierre y que no dispongan de otras fuentes alternativas de ingresos.&nbsp;<\/p>\n\n\n\n<p>Quedamos a vuestra disposici\u00f3n para cualquier duda o aclaraci\u00f3n.&nbsp;<\/p>\n\n\n\n<p>Saludos cordiales,&nbsp;<\/p>\n\n\n\n<h4>JULIO VILAGRASA Y ASOCIADOS&nbsp;<\/h4>\n","protected":false},"excerpt":{"rendered":"<p>la entrada en vigor del Real Decreto 463\/2020, de 14 de marzo, por el que se declar\u00f3 el estado de alarma se ha establecido el cese de la actividad de muchos trabajadores<\/p>\n","protected":false},"author":2,"featured_media":0,"comment_status":"open","ping_status":"open","sticky":false,"template":"","format":"standard","meta":[],"categories":[23,1],"tags":[],"yoast_head":"<!-- This site is optimized with the Yoast SEO plugin v14.6.1 - https:\/\/yoast.com\/wordpress\/plugins\/seo\/ -->\n<title>Prestaci\u00f3n extraordinaria por cese de la actividad de afectados por la declaraci\u00f3n de estado de alarma | Julio Vilagrasa<\/title>\n<meta name=\"description\" content=\"la entrada en vigor del Real Decreto 463\/2020, de 14 de marzo, por el que se declar\u00f3 el estado de alarma se ha establecido el cese de la actividad de muchos trabajadores\" \/>\n<meta name=\"robots\" content=\"index, follow\" \/>\n<meta name=\"googlebot\" content=\"index, follow, max-snippet:-1, max-image-preview:large, max-video-preview:-1\" \/>\n<meta name=\"bingbot\" content=\"index, follow, max-snippet:-1, max-image-preview:large, max-video-preview:-1\" \/>\n<link rel=\"canonical\" href=\"https:\/\/juliovilagrasa.com\/es\/2020\/03\/19\/prestacion-extraordinaria-por-cese-de-la-actividad-de-afectados-por-la-declaracion-de-estado-de-alarma\/\" \/>\n<meta property=\"og:locale\" content=\"es_ES\" \/>\n<meta property=\"og:type\" content=\"article\" \/>\n<meta property=\"og:title\" content=\"Prestaci\u00f3n extraordinaria por cese de la actividad de afectados por la declaraci\u00f3n de estado de alarma | Julio Vilagrasa\" \/>\n<meta property=\"og:description\" content=\"la entrada en vigor del Real Decreto 463\/2020, de 14 de marzo, por el que se declar\u00f3 el estado de alarma se ha establecido el cese de la actividad de muchos trabajadores\" \/>\n<meta property=\"og:url\" content=\"https:\/\/juliovilagrasa.com\/es\/2020\/03\/19\/prestacion-extraordinaria-por-cese-de-la-actividad-de-afectados-por-la-declaracion-de-estado-de-alarma\/\" \/>\n<meta property=\"og:site_name\" content=\"Julio Vilagrasa\" \/>\n<meta property=\"article:published_time\" content=\"2020-03-19T12:11:00+00:00\" \/>\n<meta property=\"article:modified_time\" content=\"2020-03-25T10:54:02+00:00\" \/>\n<meta name=\"twitter:card\" content=\"summary_large_image\" \/>\n<script type=\"application\/ld+json\" class=\"yoast-schema-graph\">{\"@context\":\"https:\/\/schema.org\",\"@graph\":[{\"@type\":\"Organization\",\"@id\":\"https:\/\/juliovilagrasa.com\/es\/#organization\",\"name\":\"Julio Vilagrasa y asociados\",\"url\":\"https:\/\/juliovilagrasa.com\/es\/\",\"sameAs\":[\"https:\/\/www.linkedin.com\/company\/vilagrasa-asociados\/about\/\"],\"logo\":{\"@type\":\"ImageObject\",\"@id\":\"https:\/\/juliovilagrasa.com\/es\/#logo\",\"inLanguage\":\"es\",\"url\":\"https:\/\/juliovilagrasa.com\/wp-content\/uploads\/2020\/03\/Julio-Vilagrasa-y-asociados.png\",\"width\":900,\"height\":238,\"caption\":\"Julio Vilagrasa y asociados\"},\"image\":{\"@id\":\"https:\/\/juliovilagrasa.com\/es\/#logo\"}},{\"@type\":\"WebSite\",\"@id\":\"https:\/\/juliovilagrasa.com\/es\/#website\",\"url\":\"https:\/\/juliovilagrasa.com\/es\/\",\"name\":\"Julio Vilagrasa y asociados\",\"description\":\"Advocats i Economistes\",\"publisher\":{\"@id\":\"https:\/\/juliovilagrasa.com\/es\/#organization\"},\"potentialAction\":[{\"@type\":\"SearchAction\",\"target\":\"https:\/\/juliovilagrasa.com\/es\/?s={search_term_string}\",\"query-input\":\"required name=search_term_string\"}],\"inLanguage\":\"es\"},{\"@type\":\"WebPage\",\"@id\":\"https:\/\/juliovilagrasa.com\/es\/2020\/03\/19\/prestacion-extraordinaria-por-cese-de-la-actividad-de-afectados-por-la-declaracion-de-estado-de-alarma\/#webpage\",\"url\":\"https:\/\/juliovilagrasa.com\/es\/2020\/03\/19\/prestacion-extraordinaria-por-cese-de-la-actividad-de-afectados-por-la-declaracion-de-estado-de-alarma\/\",\"name\":\"Prestaci\\u00f3n extraordinaria por cese de la actividad de afectados por la declaraci\\u00f3n de estado de alarma | Julio Vilagrasa\",\"isPartOf\":{\"@id\":\"https:\/\/juliovilagrasa.com\/es\/#website\"},\"datePublished\":\"2020-03-19T12:11:00+00:00\",\"dateModified\":\"2020-03-25T10:54:02+00:00\",\"description\":\"la entrada en vigor del Real Decreto 463\/2020, de 14 de marzo, por el que se declar\\u00f3 el estado de alarma se ha establecido el cese de la actividad de muchos trabajadores\",\"inLanguage\":\"es\",\"potentialAction\":[{\"@type\":\"ReadAction\",\"target\":[\"https:\/\/juliovilagrasa.com\/es\/2020\/03\/19\/prestacion-extraordinaria-por-cese-de-la-actividad-de-afectados-por-la-declaracion-de-estado-de-alarma\/\"]}]},{\"@type\":\"Article\",\"@id\":\"https:\/\/juliovilagrasa.com\/es\/2020\/03\/19\/prestacion-extraordinaria-por-cese-de-la-actividad-de-afectados-por-la-declaracion-de-estado-de-alarma\/#article\",\"isPartOf\":{\"@id\":\"https:\/\/juliovilagrasa.com\/es\/2020\/03\/19\/prestacion-extraordinaria-por-cese-de-la-actividad-de-afectados-por-la-declaracion-de-estado-de-alarma\/#webpage\"},\"author\":{\"@id\":\"https:\/\/juliovilagrasa.com\/es\/#\/schema\/person\/64b9bf20c9c096163e15cf61a00f69ef\"},\"headline\":\"Prestaci\\u00f3n extraordinaria por cese de la actividad de afectados por la declaraci\\u00f3n de estado de alarma\",\"datePublished\":\"2020-03-19T12:11:00+00:00\",\"dateModified\":\"2020-03-25T10:54:02+00:00\",\"mainEntityOfPage\":{\"@id\":\"https:\/\/juliovilagrasa.com\/es\/2020\/03\/19\/prestacion-extraordinaria-por-cese-de-la-actividad-de-afectados-por-la-declaracion-de-estado-de-alarma\/#webpage\"},\"commentCount\":0,\"publisher\":{\"@id\":\"https:\/\/juliovilagrasa.com\/es\/#organization\"},\"articleSection\":\"Estado de alarma COVID-19,General\",\"inLanguage\":\"es\",\"potentialAction\":[{\"@type\":\"CommentAction\",\"name\":\"Comment\",\"target\":[\"https:\/\/juliovilagrasa.com\/es\/2020\/03\/19\/prestacion-extraordinaria-por-cese-de-la-actividad-de-afectados-por-la-declaracion-de-estado-de-alarma\/#respond\"]}]},{\"@type\":[\"Person\"],\"@id\":\"https:\/\/juliovilagrasa.com\/es\/#\/schema\/person\/64b9bf20c9c096163e15cf61a00f69ef\",\"name\":\"juliovilagrasa\",\"image\":{\"@type\":\"ImageObject\",\"@id\":\"https:\/\/juliovilagrasa.com\/es\/#personlogo\",\"inLanguage\":\"es\",\"url\":\"http:\/\/2.gravatar.com\/avatar\/bdda4718155f8215ce9e4901102381f9?s=96&d=mm&r=g\",\"caption\":\"juliovilagrasa\"}}]}<\/script>\n<!-- \/ Yoast SEO plugin. -->","_links":{"self":[{"href":"https:\/\/juliovilagrasa.com\/es\/wp-json\/wp\/v2\/posts\/281"}],"collection":[{"href":"https:\/\/juliovilagrasa.com\/es\/wp-json\/wp\/v2\/posts"}],"about":[{"href":"https:\/\/juliovilagrasa.com\/es\/wp-json\/wp\/v2\/types\/post"}],"author":[{"embeddable":true,"href":"https:\/\/juliovilagrasa.com\/es\/wp-json\/wp\/v2\/users\/2"}],"replies":[{"embeddable":true,"href":"https:\/\/juliovilagrasa.com\/es\/wp-json\/wp\/v2\/comments?post=281"}],"version-history":[{"count":2,"href":"https:\/\/juliovilagrasa.com\/es\/wp-json\/wp\/v2\/posts\/281\/revisions"}],"predecessor-version":[{"id":335,"href":"https:\/\/juliovilagrasa.com\/es\/wp-json\/wp\/v2\/posts\/281\/revisions\/335"}],"wp:attachment":[{"href":"https:\/\/juliovilagrasa.com\/es\/wp-json\/wp\/v2\/media?parent=281"}],"wp:term":[{"taxonomy":"category","embeddable":true,"href":"https:\/\/juliovilagrasa.com\/es\/wp-json\/wp\/v2\/categories?post=281"},{"taxonomy":"post_tag","embeddable":true,"href":"https:\/\/juliovilagrasa.com\/es\/wp-json\/wp\/v2\/tags?post=281"}],"curies":[{"name":"wp","href":"https:\/\/api.w.org\/{rel}","templated":true}]}}