{"id":409,"date":"2020-03-26T17:20:43","date_gmt":"2020-03-26T17:20:43","guid":{"rendered":"https:\/\/juliovilagrasa.com\/2020\/03\/26\/aprovacio-del-primer-tram-de-la-linia-davals-per-empreses-i-autonoms\/"},"modified":"2020-03-26T17:35:53","modified_gmt":"2020-03-26T17:35:53","slug":"aprobacion-del-primer-tramo-de-la-linea-de-avales-para-empresas-y-autonomos","status":"publish","type":"post","link":"https:\/\/juliovilagrasa.com\/es\/2020\/03\/26\/aprobacion-del-primer-tramo-de-la-linea-de-avales-para-empresas-y-autonomos\/","title":{"rendered":"Aprobaci\u00f3n del primer tramo de la l\u00ednea de avales para empresas y aut\u00f3nomos"},"content":{"rendered":"\n<p>Hace unos d\u00edas os indic\u00e1bamos (ver Nota Informativa 4) que, entre las medidas financieras derivadas del Real Decreto\u2010Ley 8\/2020, de 17 de marzo, de medidas urgentes extraordinarias para hacer frente al impacto econ\u00f3mico y social del COVID\u201019, se hab\u00eda previsto la concesi\u00f3n de avales por importe de 100.000 millones de euros, cuyas condiciones y requisitos estaban pendientes de aprobaci\u00f3n por el Consejo de Ministros.<br> Dicha aprobaci\u00f3n se produjo, en cuanto a una primera fase, en el Consejo de Ministros de ayer, apertur\u00e1ndose el primer tramo de la L\u00ednea de Avales para empresas y aut\u00f3nomos por un importe de hasta 20.000 millones de euros, destinados a garantizar los nuevos pr\u00e9stamos y renovaciones concedidos a empresas y aut\u00f3nomos. La L\u00ednea de Avales ser\u00e1 gestionada por el Instituto de Cr\u00e9dito Oficial (ICO), en colaboraci\u00f3n con otras entidades financieras, quienes asumir\u00e1n el coste de los avales.<\/p>\n\n\n\n<h2>Principales caracter\u00edsticas del primer tramo de la L\u00ednea de Avales para Empresas y Aut\u00f3nomos<\/h2>\n\n\n\n<ul><li>(i) <strong>Importe<\/strong>: \u20ac20.000.000.000,00\u2010. El 50% se reservar\u00e1 para garantizar pr\u00e9stamos de aut\u00f3nomos y PYMES.<\/li><li>(ii) <strong>Objetivo<\/strong>: Preservar la actividad productiva y el empleo y paliar los efectos del COVID\u201019.<\/li><li>(iii) <strong>Finalidad<\/strong>: atender la gesti\u00f3n de facturas, necesidad de circulante, vencimiento de obligaciones financieras o tributarias u otras necesidades de liquidez.<\/li><li>(iv) <strong>Retroactividad<\/strong>. Los avales se otorgar\u00e1n con car\u00e1cter retroactivo, por lo que podr\u00e1n solicitarse para las operaciones formalizadas con posterioridad a la entrada en vigor del Real Decreto\u2010Ley (18 de marzo de 2020).<\/li><li>(v) <strong>\u00c1mbito Subjetivo<\/strong>: Empresas y aut\u00f3nomos, afectados por los efectos econ\u00f3micos derivados del COVID\u201019, que cumplan los siguientes requisitos:<br>&#8211; Que a 31 de diciembre de 2019 no estuvieran en situaci\u00f3n de morosidad.<br>\u2010 Que no tuviesen abierto un procedimiento concursal a 17 de marzo de 2020 (fecha de declaraci\u00f3n del Real Decreto\u2010Ley de aplicaci\u00f3n).<\/li><li>(vi) <strong>Garant\u00edas<\/strong>:<br>\u2010 Operaciones solicitadas por Aut\u00f3nomos y PYMES: 80% de los nuevos pr\u00e9stamos y 80% de las renovaciones.<br>\u2010 Operaciones solicitadas por el resto de empresas: 70% de los nuevos pr\u00e9stamos y 60% de las renovaciones.<\/li><li> (vii) <strong>Vigencia<\/strong>: Equivalente a la del pr\u00e9stamo concedido, con un m\u00e1ximo de 5 a\u00f1os.<\/li><\/ul>\n\n\n\n<h2>Compromiso de las Entidades Financieras<\/h2>\n\n\n\n<p>Adem\u00e1s de asumir los costes de los nuevos pr\u00e9stamos y renovaciones referidos, las Entidades Financieras se comprometen a mantener, al menos hasta el 30 de septiembre de 2020, los l\u00edmites de las l\u00edneas de circulante concedidas a todos los clientes. (en particular a aquellos cuyos pr\u00e9stamos resulten avalados).<\/p>\n\n\n\n<p>Quedamos a vuestra disposici\u00f3n para cualquier duda o aclaraci\u00f3n.<\/p>\n\n\n\n<p>Saludos cordiales,<\/p>\n\n\n\n<h4>JULIO VILAGRASA Y ASOCIADOS<\/h4>\n","protected":false},"excerpt":{"rendered":"<p>Concessi\u00f3 d&#8217;avals per import de 100.000 milions d&#8217;euros, les condicions i requisits dels quals estaven pendents d&#8217;aprovaci\u00f3 pel Consell de Ministres.<\/p>\n","protected":false},"author":2,"featured_media":0,"comment_status":"open","ping_status":"open","sticky":false,"template":"","format":"standard","meta":[],"categories":[23],"tags":[],"yoast_head":"<!-- This site is optimized with the Yoast SEO plugin v14.6.1 - https:\/\/yoast.com\/wordpress\/plugins\/seo\/ -->\n<title>Aprobaci\u00f3n del primer tramo de la l\u00ednea de avales para empresas y aut\u00f3nomos | Julio Vilagrasa<\/title>\n<meta name=\"description\" content=\"Concessi\u00f3 d&#039;avals per import de 100.000 milions d&#039;euros, les condicions i requisits dels quals estaven pendents d&#039;aprovaci\u00f3 pel Consell de Ministres.\" \/>\n<meta name=\"robots\" content=\"index, follow\" \/>\n<meta name=\"googlebot\" content=\"index, follow, max-snippet:-1, max-image-preview:large, max-video-preview:-1\" \/>\n<meta name=\"bingbot\" content=\"index, follow, max-snippet:-1, max-image-preview:large, max-video-preview:-1\" \/>\n<link rel=\"canonical\" href=\"https:\/\/juliovilagrasa.com\/es\/2020\/03\/26\/aprobacion-del-primer-tramo-de-la-linea-de-avales-para-empresas-y-autonomos\/\" \/>\n<meta property=\"og:locale\" content=\"es_ES\" \/>\n<meta property=\"og:type\" content=\"article\" \/>\n<meta property=\"og:title\" content=\"Aprobaci\u00f3n del primer tramo de la l\u00ednea de avales para empresas y aut\u00f3nomos | Julio Vilagrasa\" \/>\n<meta property=\"og:description\" content=\"Concessi\u00f3 d&#039;avals per import de 100.000 milions d&#039;euros, les condicions i requisits dels quals estaven pendents d&#039;aprovaci\u00f3 pel Consell de Ministres.\" \/>\n<meta property=\"og:url\" content=\"https:\/\/juliovilagrasa.com\/es\/2020\/03\/26\/aprobacion-del-primer-tramo-de-la-linea-de-avales-para-empresas-y-autonomos\/\" \/>\n<meta property=\"og:site_name\" content=\"Julio Vilagrasa\" \/>\n<meta property=\"article:published_time\" content=\"2020-03-26T17:20:43+00:00\" \/>\n<meta property=\"article:modified_time\" content=\"2020-03-26T17:35:53+00:00\" \/>\n<meta name=\"twitter:card\" content=\"summary_large_image\" \/>\n<script type=\"application\/ld+json\" class=\"yoast-schema-graph\">{\"@context\":\"https:\/\/schema.org\",\"@graph\":[{\"@type\":\"Organization\",\"@id\":\"https:\/\/juliovilagrasa.com\/es\/#organization\",\"name\":\"Julio Vilagrasa y asociados\",\"url\":\"https:\/\/juliovilagrasa.com\/es\/\",\"sameAs\":[\"https:\/\/www.linkedin.com\/company\/vilagrasa-asociados\/about\/\"],\"logo\":{\"@type\":\"ImageObject\",\"@id\":\"https:\/\/juliovilagrasa.com\/es\/#logo\",\"inLanguage\":\"es\",\"url\":\"https:\/\/juliovilagrasa.com\/wp-content\/uploads\/2020\/03\/Julio-Vilagrasa-y-asociados.png\",\"width\":900,\"height\":238,\"caption\":\"Julio Vilagrasa y asociados\"},\"image\":{\"@id\":\"https:\/\/juliovilagrasa.com\/es\/#logo\"}},{\"@type\":\"WebSite\",\"@id\":\"https:\/\/juliovilagrasa.com\/es\/#website\",\"url\":\"https:\/\/juliovilagrasa.com\/es\/\",\"name\":\"Julio Vilagrasa y asociados\",\"description\":\"Advocats i Economistes\",\"publisher\":{\"@id\":\"https:\/\/juliovilagrasa.com\/es\/#organization\"},\"potentialAction\":[{\"@type\":\"SearchAction\",\"target\":\"https:\/\/juliovilagrasa.com\/es\/?s={search_term_string}\",\"query-input\":\"required name=search_term_string\"}],\"inLanguage\":\"es\"},{\"@type\":\"WebPage\",\"@id\":\"https:\/\/juliovilagrasa.com\/es\/2020\/03\/26\/aprobacion-del-primer-tramo-de-la-linea-de-avales-para-empresas-y-autonomos\/#webpage\",\"url\":\"https:\/\/juliovilagrasa.com\/es\/2020\/03\/26\/aprobacion-del-primer-tramo-de-la-linea-de-avales-para-empresas-y-autonomos\/\",\"name\":\"Aprobaci\\u00f3n del primer tramo de la l\\u00ednea de avales para empresas y aut\\u00f3nomos | Julio Vilagrasa\",\"isPartOf\":{\"@id\":\"https:\/\/juliovilagrasa.com\/es\/#website\"},\"datePublished\":\"2020-03-26T17:20:43+00:00\",\"dateModified\":\"2020-03-26T17:35:53+00:00\",\"description\":\"Concessi\\u00f3 d'avals per import de 100.000 milions d'euros, les condicions i requisits dels quals estaven pendents d'aprovaci\\u00f3 pel Consell de Ministres.\",\"inLanguage\":\"es\",\"potentialAction\":[{\"@type\":\"ReadAction\",\"target\":[\"https:\/\/juliovilagrasa.com\/es\/2020\/03\/26\/aprobacion-del-primer-tramo-de-la-linea-de-avales-para-empresas-y-autonomos\/\"]}]},{\"@type\":\"Article\",\"@id\":\"https:\/\/juliovilagrasa.com\/es\/2020\/03\/26\/aprobacion-del-primer-tramo-de-la-linea-de-avales-para-empresas-y-autonomos\/#article\",\"isPartOf\":{\"@id\":\"https:\/\/juliovilagrasa.com\/es\/2020\/03\/26\/aprobacion-del-primer-tramo-de-la-linea-de-avales-para-empresas-y-autonomos\/#webpage\"},\"author\":{\"@id\":\"https:\/\/juliovilagrasa.com\/es\/#\/schema\/person\/64b9bf20c9c096163e15cf61a00f69ef\"},\"headline\":\"Aprobaci\\u00f3n del primer tramo de la l\\u00ednea de avales para empresas y aut\\u00f3nomos\",\"datePublished\":\"2020-03-26T17:20:43+00:00\",\"dateModified\":\"2020-03-26T17:35:53+00:00\",\"mainEntityOfPage\":{\"@id\":\"https:\/\/juliovilagrasa.com\/es\/2020\/03\/26\/aprobacion-del-primer-tramo-de-la-linea-de-avales-para-empresas-y-autonomos\/#webpage\"},\"commentCount\":0,\"publisher\":{\"@id\":\"https:\/\/juliovilagrasa.com\/es\/#organization\"},\"articleSection\":\"Estado de alarma COVID-19\",\"inLanguage\":\"es\",\"potentialAction\":[{\"@type\":\"CommentAction\",\"name\":\"Comment\",\"target\":[\"https:\/\/juliovilagrasa.com\/es\/2020\/03\/26\/aprobacion-del-primer-tramo-de-la-linea-de-avales-para-empresas-y-autonomos\/#respond\"]}]},{\"@type\":[\"Person\"],\"@id\":\"https:\/\/juliovilagrasa.com\/es\/#\/schema\/person\/64b9bf20c9c096163e15cf61a00f69ef\",\"name\":\"juliovilagrasa\",\"image\":{\"@type\":\"ImageObject\",\"@id\":\"https:\/\/juliovilagrasa.com\/es\/#personlogo\",\"inLanguage\":\"es\",\"url\":\"http:\/\/2.gravatar.com\/avatar\/bdda4718155f8215ce9e4901102381f9?s=96&d=mm&r=g\",\"caption\":\"juliovilagrasa\"}}]}<\/script>\n<!-- \/ Yoast SEO plugin. -->","_links":{"self":[{"href":"https:\/\/juliovilagrasa.com\/es\/wp-json\/wp\/v2\/posts\/409"}],"collection":[{"href":"https:\/\/juliovilagrasa.com\/es\/wp-json\/wp\/v2\/posts"}],"about":[{"href":"https:\/\/juliovilagrasa.com\/es\/wp-json\/wp\/v2\/types\/post"}],"author":[{"embeddable":true,"href":"https:\/\/juliovilagrasa.com\/es\/wp-json\/wp\/v2\/users\/2"}],"replies":[{"embeddable":true,"href":"https:\/\/juliovilagrasa.com\/es\/wp-json\/wp\/v2\/comments?post=409"}],"version-history":[{"count":1,"href":"https:\/\/juliovilagrasa.com\/es\/wp-json\/wp\/v2\/posts\/409\/revisions"}],"predecessor-version":[{"id":410,"href":"https:\/\/juliovilagrasa.com\/es\/wp-json\/wp\/v2\/posts\/409\/revisions\/410"}],"wp:attachment":[{"href":"https:\/\/juliovilagrasa.com\/es\/wp-json\/wp\/v2\/media?parent=409"}],"wp:term":[{"taxonomy":"category","embeddable":true,"href":"https:\/\/juliovilagrasa.com\/es\/wp-json\/wp\/v2\/categories?post=409"},{"taxonomy":"post_tag","embeddable":true,"href":"https:\/\/juliovilagrasa.com\/es\/wp-json\/wp\/v2\/tags?post=409"}],"curies":[{"name":"wp","href":"https:\/\/api.w.org\/{rel}","templated":true}]}}