{"id":418,"date":"2020-03-27T08:43:52","date_gmt":"2020-03-27T08:43:52","guid":{"rendered":"https:\/\/juliovilagrasa.com\/2020\/03\/27\/condicions-del-primer-tram-de-la-linia-davals-per-a-empreses-i-autonoms\/"},"modified":"2020-03-27T12:10:33","modified_gmt":"2020-03-27T12:10:33","slug":"condiciones-del-primer-tramo-de-la-linea-de-avales-para-empresas-y-autonomos","status":"publish","type":"post","link":"https:\/\/juliovilagrasa.com\/es\/2020\/03\/27\/condiciones-del-primer-tramo-de-la-linea-de-avales-para-empresas-y-autonomos\/","title":{"rendered":"Condiciones del primer tramo de la l\u00ednea de avales para empresas y aut\u00f3nomos"},"content":{"rendered":"\n<p>Mediante resoluci\u00f3n publicada hoy el BOE, la Secretar\u00eda de Estado de Econom\u00eda y Apoyo a la Empresa, publica el Acuerdo <a href=\"https:\/\/juliovilagrasa.com\/es\/2020\/03\/26\/aprobacion-del-primer-tramo-de-la-linea-de-avales-para-empresas-y-autonomos\/\" target=\"_blank\" rel=\"noreferrer noopener\" aria-label=\"\u2013 ver nuestra Nota Informativa 12 \u2010 (se abre en una nueva pesta\u00f1a)\">\u2013 ver nuestra Nota Informativa 12 \u2010<\/a> por el que el Consejo de Ministros aprueba las caracter\u00edsticas del primer tramo de la l\u00ednea de avales del ICO para empresas y aut\u00f3nomos, dirigidos a paliar los efectos del COVID\u201019, sobre liberaci\u00f3n de los primeros 20.000 millones de euros en l\u00edneas de avales, respecto de los 100.000 millones comprometidos.<br>Recordemos que la Resoluci\u00f3n establece una serie de medidas para preservar la normalidad de los flujos de financiaci\u00f3n y los niveles de circulante y liquidez, a los efectos de permitir que empresas y aut\u00f3nomos contin\u00faen abonando los salarios de los empleados y las facturas a proveedores, manteniendo la actividad econ\u00f3mica. Esta medida se basa en la esperanza de motivar a las entidades financieras a complementar las necesidades de financiaci\u00f3n.<br>La publicaci\u00f3n de hoy, que incluye un Anexo I con las condiciones de sujeci\u00f3n a la liberaci\u00f3n del primer tramo de la l\u00ednea de avales, recuerda el car\u00e1cter pari passu de estos, puesto que comparten riesgo con las entidades financieras, moviliz\u00e1ndose tambi\u00e9n importantes cantidades por parte de las entidades privadas y, consecuentemente, complement\u00e1ndose por recursos adicionales del sector privado. La gesti\u00f3n de los avales, dependientes del Ministerio de Asuntos Econ\u00f3micos y Transformaci\u00f3n Digital, se realizar\u00e1 a trav\u00e9s del Instituto de Cr\u00e9dito Oficial (ICO).<\/p>\n\n\n\n<h2>Principales condiciones aplicables y requisitos a cumplir para el otorgamiento y sujeci\u00f3n al primer tramo de la l\u00ednea de avales (ANEXO I)<\/h2>\n\n\n\n<ul><li>(i) <strong>Finalidad<\/strong>: cubrir los nuevos pr\u00e9stamos y otras modalidades de financiaci\u00f3n y las renovaciones concedidas por entidades financieras a empresas y aut\u00f3nomos, para atender las necesidades de financiaci\u00f3n derivadas, entre otros, de pagos de salarios, facturas, necesidad de circulante u otras necesidades de liquidez, incluyendo las derivadas de vencimientos de obligaciones financieras o tributarias.<\/li><li>(ii) <strong>Subtramos<\/strong>: 10.000 millones para PYMES y 10.000 millones para el resto de empresas.<\/li><li>(iii) <strong>Caracter\u00edsticas de los pr\u00e9stamos elegibles:<\/strong><br>\u2010 Pr\u00e9stamos y operaciones hayan sido formalizados o renovados con posterioridad al 17 de marzo de 2020.<br>&#8211; Que no figuren en situaci\u00f3n de morosidad en la consulta a los ficheros de la Central de Informaci\u00f3n de Riesgos del Banco de Espa\u00f1a (CIRBE) a 31 de diciembre de 2019.<br>\u2010 Que los acreditados no est\u00e9n sujetos a un procedimiento concursal a fecha de 17 de marzo de 2020.<\/li><li>(iv) <strong>Importe m\u00e1ximo<\/strong>: Para aut\u00f3nomos y microempresas (hasta 10 empleados) y empresas de hasta 250 empleados y ventas inferiores a 50 millones de euros o con un total de activo inferior a 43 millones de euros. Limite importe a solicitar hasta 1,5 millones de euros.<\/li><li>(v) <strong>L\u00edmite aval<\/strong>. El limite ser\u00e1 de 50 millones, en funci\u00f3n de las operaciones aprobadas por la entidad financiera<\/li><li>(vi) <strong>Porcentajes m\u00e1ximos de aval<\/strong>: caso de PYMES y aut\u00f3nomos, el aval ascender\u00e1 como m\u00e1ximo al 80% de la operaci\u00f3n. Resto de empresas 70% de nuevas operaciones y el 60% de operaciones de renovaci\u00f3n.<\/li><li>(vii) <strong>Remuneraci\u00f3n del aval<\/strong>: La remuneraci\u00f3n de los avales concedidos a pr\u00e9stamos hasta 1,5 millones de euros ser\u00e1 de 20 puntos b\u00e1sicos sobre el saldo del importe total avalado. Para importes superiores depender\u00e1n de la duraci\u00f3n del aval, del importe y de la consideraci\u00f3n de la empresa. El Anexo de la resoluci\u00f3n determina los importes.<\/li><li>(viii) <strong>Plazo de solicitud<\/strong>: El plazo de solicitud de los avales es hasta 30 de septiembre de 2020<\/li><li>(ix) <strong>Plazo m\u00e1ximo del aval<\/strong>: Coincidir\u00e1 con el plazo de la operaci\u00f3n hasta un m\u00e1ximo de 5 a\u00f1os.<\/li><\/ul>\n\n\n\n<p>Es importante tener en cuenta que son las entidades financieras quienes determinan la concesi\u00f3n de las operaciones, en funci\u00f3n de sus pol\u00edticas de concesi\u00f3n. Respecto a los precios de las operaciones, no se establecen, pero la misma resoluci\u00f3n dispone que los costes de los nuevos pr\u00e9stamos y renovaciones que se beneficien de estos avales <strong>se mantendr\u00e1n en l\u00ednea con los costes cargados antes del inicio de la crisis del COVID\u201019.<\/strong><\/p>\n\n\n\n<p>Quedamos a vuestra disposici\u00f3n para cualquier duda o aclaraci\u00f3n.<\/p>\n\n\n\n<p>Saludos cordiales,<\/p>\n\n\n\n<h4>JULIO VILAGRASA Y ASOCIADOS<\/h4>\n","protected":false},"excerpt":{"rendered":"<p>caracter\u00edsticas del primer tramo de la l\u00ednea de avales del ICO para empresas y aut\u00f3nomos, dirigidos a paliar los efectos del COVID\u201019<\/p>\n","protected":false},"author":2,"featured_media":0,"comment_status":"open","ping_status":"open","sticky":false,"template":"","format":"standard","meta":[],"categories":[23],"tags":[],"yoast_head":"<!-- This site is optimized with the Yoast SEO plugin v14.6.1 - https:\/\/yoast.com\/wordpress\/plugins\/seo\/ -->\n<title>Condiciones del primer tramo de la l\u00ednea de avales para empresas y aut\u00f3nomos | Julio Vilagrasa<\/title>\n<meta name=\"description\" content=\"Condiciones del primer tramo de la l\u00ednea de avales del ICO para empresas y aut\u00f3nomos, dirigidos a paliar los efectos del COVID\u201019\" \/>\n<meta name=\"robots\" content=\"index, follow\" \/>\n<meta name=\"googlebot\" content=\"index, follow, max-snippet:-1, max-image-preview:large, max-video-preview:-1\" \/>\n<meta name=\"bingbot\" content=\"index, follow, max-snippet:-1, max-image-preview:large, max-video-preview:-1\" \/>\n<link rel=\"canonical\" href=\"https:\/\/juliovilagrasa.com\/es\/2020\/03\/27\/condiciones-del-primer-tramo-de-la-linea-de-avales-para-empresas-y-autonomos\/\" \/>\n<meta property=\"og:locale\" content=\"es_ES\" \/>\n<meta property=\"og:type\" content=\"article\" \/>\n<meta property=\"og:title\" content=\"Condiciones del primer tramo de la l\u00ednea de avales para empresas y aut\u00f3nomos | Julio Vilagrasa\" \/>\n<meta property=\"og:description\" content=\"Condiciones del primer tramo de la l\u00ednea de avales del ICO para empresas y aut\u00f3nomos, dirigidos a paliar los efectos del COVID\u201019\" \/>\n<meta property=\"og:url\" content=\"https:\/\/juliovilagrasa.com\/es\/2020\/03\/27\/condiciones-del-primer-tramo-de-la-linea-de-avales-para-empresas-y-autonomos\/\" \/>\n<meta property=\"og:site_name\" content=\"Julio Vilagrasa\" \/>\n<meta property=\"article:published_time\" content=\"2020-03-27T08:43:52+00:00\" \/>\n<meta property=\"article:modified_time\" content=\"2020-03-27T12:10:33+00:00\" \/>\n<meta name=\"twitter:card\" content=\"summary_large_image\" \/>\n<script type=\"application\/ld+json\" class=\"yoast-schema-graph\">{\"@context\":\"https:\/\/schema.org\",\"@graph\":[{\"@type\":\"Organization\",\"@id\":\"https:\/\/juliovilagrasa.com\/es\/#organization\",\"name\":\"Julio Vilagrasa y asociados\",\"url\":\"https:\/\/juliovilagrasa.com\/es\/\",\"sameAs\":[\"https:\/\/www.linkedin.com\/company\/vilagrasa-asociados\/about\/\"],\"logo\":{\"@type\":\"ImageObject\",\"@id\":\"https:\/\/juliovilagrasa.com\/es\/#logo\",\"inLanguage\":\"es\",\"url\":\"https:\/\/juliovilagrasa.com\/wp-content\/uploads\/2020\/03\/Julio-Vilagrasa-y-asociados.png\",\"width\":900,\"height\":238,\"caption\":\"Julio Vilagrasa y asociados\"},\"image\":{\"@id\":\"https:\/\/juliovilagrasa.com\/es\/#logo\"}},{\"@type\":\"WebSite\",\"@id\":\"https:\/\/juliovilagrasa.com\/es\/#website\",\"url\":\"https:\/\/juliovilagrasa.com\/es\/\",\"name\":\"Julio Vilagrasa y asociados\",\"description\":\"Advocats i Economistes\",\"publisher\":{\"@id\":\"https:\/\/juliovilagrasa.com\/es\/#organization\"},\"potentialAction\":[{\"@type\":\"SearchAction\",\"target\":\"https:\/\/juliovilagrasa.com\/es\/?s={search_term_string}\",\"query-input\":\"required name=search_term_string\"}],\"inLanguage\":\"es\"},{\"@type\":\"WebPage\",\"@id\":\"https:\/\/juliovilagrasa.com\/es\/2020\/03\/27\/condiciones-del-primer-tramo-de-la-linea-de-avales-para-empresas-y-autonomos\/#webpage\",\"url\":\"https:\/\/juliovilagrasa.com\/es\/2020\/03\/27\/condiciones-del-primer-tramo-de-la-linea-de-avales-para-empresas-y-autonomos\/\",\"name\":\"Condiciones del primer tramo de la l\\u00ednea de avales para empresas y aut\\u00f3nomos | Julio Vilagrasa\",\"isPartOf\":{\"@id\":\"https:\/\/juliovilagrasa.com\/es\/#website\"},\"datePublished\":\"2020-03-27T08:43:52+00:00\",\"dateModified\":\"2020-03-27T12:10:33+00:00\",\"description\":\"Condiciones del primer tramo de la l\\u00ednea de avales del ICO para empresas y aut\\u00f3nomos, dirigidos a paliar los efectos del COVID\\u201019\",\"inLanguage\":\"es\",\"potentialAction\":[{\"@type\":\"ReadAction\",\"target\":[\"https:\/\/juliovilagrasa.com\/es\/2020\/03\/27\/condiciones-del-primer-tramo-de-la-linea-de-avales-para-empresas-y-autonomos\/\"]}]},{\"@type\":\"Article\",\"@id\":\"https:\/\/juliovilagrasa.com\/es\/2020\/03\/27\/condiciones-del-primer-tramo-de-la-linea-de-avales-para-empresas-y-autonomos\/#article\",\"isPartOf\":{\"@id\":\"https:\/\/juliovilagrasa.com\/es\/2020\/03\/27\/condiciones-del-primer-tramo-de-la-linea-de-avales-para-empresas-y-autonomos\/#webpage\"},\"author\":{\"@id\":\"https:\/\/juliovilagrasa.com\/es\/#\/schema\/person\/64b9bf20c9c096163e15cf61a00f69ef\"},\"headline\":\"Condiciones del primer tramo de la l\\u00ednea de avales para empresas y aut\\u00f3nomos\",\"datePublished\":\"2020-03-27T08:43:52+00:00\",\"dateModified\":\"2020-03-27T12:10:33+00:00\",\"mainEntityOfPage\":{\"@id\":\"https:\/\/juliovilagrasa.com\/es\/2020\/03\/27\/condiciones-del-primer-tramo-de-la-linea-de-avales-para-empresas-y-autonomos\/#webpage\"},\"commentCount\":0,\"publisher\":{\"@id\":\"https:\/\/juliovilagrasa.com\/es\/#organization\"},\"articleSection\":\"Estado de alarma COVID-19\",\"inLanguage\":\"es\",\"potentialAction\":[{\"@type\":\"CommentAction\",\"name\":\"Comment\",\"target\":[\"https:\/\/juliovilagrasa.com\/es\/2020\/03\/27\/condiciones-del-primer-tramo-de-la-linea-de-avales-para-empresas-y-autonomos\/#respond\"]}]},{\"@type\":[\"Person\"],\"@id\":\"https:\/\/juliovilagrasa.com\/es\/#\/schema\/person\/64b9bf20c9c096163e15cf61a00f69ef\",\"name\":\"juliovilagrasa\",\"image\":{\"@type\":\"ImageObject\",\"@id\":\"https:\/\/juliovilagrasa.com\/es\/#personlogo\",\"inLanguage\":\"es\",\"url\":\"http:\/\/2.gravatar.com\/avatar\/bdda4718155f8215ce9e4901102381f9?s=96&d=mm&r=g\",\"caption\":\"juliovilagrasa\"}}]}<\/script>\n<!-- \/ Yoast SEO plugin. -->","_links":{"self":[{"href":"https:\/\/juliovilagrasa.com\/es\/wp-json\/wp\/v2\/posts\/418"}],"collection":[{"href":"https:\/\/juliovilagrasa.com\/es\/wp-json\/wp\/v2\/posts"}],"about":[{"href":"https:\/\/juliovilagrasa.com\/es\/wp-json\/wp\/v2\/types\/post"}],"author":[{"embeddable":true,"href":"https:\/\/juliovilagrasa.com\/es\/wp-json\/wp\/v2\/users\/2"}],"replies":[{"embeddable":true,"href":"https:\/\/juliovilagrasa.com\/es\/wp-json\/wp\/v2\/comments?post=418"}],"version-history":[{"count":2,"href":"https:\/\/juliovilagrasa.com\/es\/wp-json\/wp\/v2\/posts\/418\/revisions"}],"predecessor-version":[{"id":420,"href":"https:\/\/juliovilagrasa.com\/es\/wp-json\/wp\/v2\/posts\/418\/revisions\/420"}],"wp:attachment":[{"href":"https:\/\/juliovilagrasa.com\/es\/wp-json\/wp\/v2\/media?parent=418"}],"wp:term":[{"taxonomy":"category","embeddable":true,"href":"https:\/\/juliovilagrasa.com\/es\/wp-json\/wp\/v2\/categories?post=418"},{"taxonomy":"post_tag","embeddable":true,"href":"https:\/\/juliovilagrasa.com\/es\/wp-json\/wp\/v2\/tags?post=418"}],"curies":[{"name":"wp","href":"https:\/\/api.w.org\/{rel}","templated":true}]}}