{"id":450,"date":"2020-04-02T08:29:33","date_gmt":"2020-04-02T08:29:33","guid":{"rendered":"https:\/\/juliovilagrasa.com\/2020\/04\/02\/tercer-paquet-de-mesures-de-recolzament-en-la-crisi-del-covid-19-pimes-i-autonoms\/"},"modified":"2020-04-02T08:38:48","modified_gmt":"2020-04-02T08:38:48","slug":"tercer-paquete-de-medidas-de-apoyo-en-la-crisis-del-covid-19-pymes-y-autonomos","status":"publish","type":"post","link":"https:\/\/juliovilagrasa.com\/es\/2020\/04\/02\/tercer-paquete-de-medidas-de-apoyo-en-la-crisis-del-covid-19-pymes-y-autonomos\/","title":{"rendered":"Tercer paquete de medidas de apoyo en la crisis del COVID-19. Pymes y aut\u00f3nomos"},"content":{"rendered":"\n<p>Como continuaci\u00f3n a la nota que hemos remitido hoy, en esta nota nos centramos en una breve exposici\u00f3n de los aspectos que consideramos m\u00e1s importantes en relaci\u00f3n a las ayudas econ\u00f3micas a los trabajadores aut\u00f3nomos.<\/p>\n\n\n\n<h2>I.\u2010 Moratoria de las cotizaciones sociales a la Seguridad Social.<\/h2>\n\n\n\n<p>La moratoria se extiende a empresas y trabajadores por cuenta propia <strong>incluidos en cualquier r\u00e9gimen<\/strong> de la Seguridad Social.<\/p>\n\n\n\n<p>Para poder acceder a esta moratoria deben cumplirse los requisitos que se desarrollaran por Orden Ministerial (pendiente de aprobaci\u00f3n) y requiere de su expresa solicitud.<\/p>\n\n\n\n<p>La concesi\u00f3n de la moratoria <strong>no es autom\u00e1t<\/strong>ica, ya que la Tesorer\u00eda de la Seguridad Social es la habilitada para concederla.<\/p>\n\n\n\n<p>En cuanto a su duraci\u00f3n ser\u00e1 de <strong>hasta seis meses, sin que genere inter\u00e9s alguno<\/strong>.<\/p>\n\n\n\n<p>Las cuotas que pueden ser objeto de moratoria son las devengadas <strong>entre los meses de abril y julio de 2020, en el caso de empresas, y entre mayo y julio del a\u00f1o en curso en cuento a los trabajadores aut\u00f3nomos, y siempre y cuando no hayan suspendido su actividad por raz\u00f3n del estado de alarma.<\/strong><\/p>\n\n\n\n<h2>II.\u2010 Aplazamiento en el pago de deudas con la Seguridad Social.<\/h2>\n\n\n\n<p>Las empresas y trabajadores por cuenta propia incluidos en el R\u00e9gimen de la Seguridad Social o los autorizados para actuar a trav\u00e9s del sistema de remisi\u00f3n electr\u00f3nica de datos (Sistema RED), pueden solicitar el aplazamiento en el pago de sus deudas con la Seguridad Social cuyo plazo reglamentario de ingreso est\u00e9 comprendido entre los meses de abril y junio de 2020, <strong>siempre y cuando no tuvieren otro aplazamiento en vigor.<\/strong><\/p>\n\n\n\n<p>Los aplazamientos que puedan acogerse a lo previsto en el Real Decreto\u2010Ley, generar\u00e1n un inter\u00e9s especial del 0,5%.<\/p>\n\n\n\n<p>Las solicitudes de aplazamiento deben efectuarse antes del transcurso de los diez primeros d\u00edas naturales de los plazos reglamentarios de ingreso.<\/p>\n\n\n\n<h2>III.\u2010 Flexibilizaci\u00f3n en materia de contratos de suministro.<\/h2>\n\n\n\n<h3>De electricidad.<\/h3>\n\n\n\n<p>Durante el per\u00edodo de tiempo en el que se extienda el estado de alarma, los puntos de suministro titularidad de <strong>trabajadores aut\u00f3nomos que acrediten su condici\u00f3n mediante alta en el R\u00e9gimen Especial de la Seguridad Social y empresas<\/strong>, podr\u00e1n acogerse a las siguientes medidas:<\/p>\n\n\n\n<ul><li> Suspensi\u00f3n temporal del servicio.<\/li><li> Modificaci\u00f3n de los contratos de suministro vigentes, o sus pr\u00f3rrogas, con el fin de contratar otra oferta alternativa con el comercializados con el que se tenga formalizado el contrato, para adaptarlo a nuevas pautas de consumo y sin que proceda el cargo de penalizaci\u00f3n alguna.<\/li><\/ul>\n\n\n\n<h3>De gas natural.<\/h3>\n\n\n\n<p>Las <strong>empresas y trabajadores aut\u00f3nomos que acrediten su condici\u00f3n mediante alta en el R\u00e9gimen Especial de la Seguridad Social <\/strong>podr\u00e1n acogerse, durante el estado se alarma, a:<\/p>\n\n\n\n<ul><li>La modificaci\u00f3n del caudal diario contratado.<\/li><li>La inclusi\u00f3n en un escal\u00f3n de peaje a un consumo anual inferior.<\/li><li>La supresi\u00f3n temporal del contrato de suministro sin coste.<\/li><\/ul>\n\n\n\n<h2>IV.\u2010 Suspensi\u00f3n de facturas de electricidad, gas y productos derivados del petr\u00f3leo.<\/h2>\n\n\n\n<p>Con car\u00e1cter excepcional y por todo el tiempo en que est\u00e9 en vigor el estado de alarma, los puntos de suministro titularidad de <strong>trabajadores por cuenta propia que acrediten su condici\u00f3n mediante alta en el R\u00e9gimen Especial de la Seguridad Social y peque\u00f1as y medianas empresas<\/strong> podr\u00e1n solicitar a su comercializador o distribuidor, la suspensi\u00f3n del pago de facturas que correspondan a periodos de facturaci\u00f3n que contengan d\u00edas comprendidos en el estado de alarma.<\/p>\n\n\n\n<h2>V.\u2010 Disponibilidad de los planes de pensiones en caso de desempleo o cese de actividad derivados de la situaci\u00f3n de crisis sanitaria ocasionada por el COVID\u201019.<\/h2>\n\n\n\n<p>Durante el plazo de seis meses desde la entrada en vigor del Decreto del estado de alarma, los part\u00edcipes de planes de pensiones pueden, excepcionalmente, hacer efectivos sus derechos consolidados, siempre que:<\/p>\n\n\n\n<ul><li>Se hallen en situaci\u00f3n legal de desempleo como consecuencia de un ERTE derivado de la situaci\u00f3n de crisis sanitaria.<\/li><li>Se trate de empresario titular de establecimiento con apertura al p\u00fablico, que haya tenido que suspender su actividad por la entrada en vigor del estado de alarma.<\/li><li>Se trate de trabajadores aut\u00f3nomos integrados en el R\u00e9gimen Especial de la Seguridad Social y hayan cesado en su actividad como consecuencia de la crisis sanitaria.<\/li><\/ul>\n\n\n\n<p>El importe de los derechos recuperados no puede ser superior a:<\/p>\n\n\n\n<ul><li> Salarios dejados de percibir mientras est\u00e1 en vigor el ERTE.<\/li><li> Ingresos netos estimados dejados de percibir en el tiempo de suspensi\u00f3n de apertura al p\u00fablico.<\/li><li> Ingresos netos estimados dejados de percibir mientras se mantenga el estado de crisis sanitaria.<\/li><\/ul>\n\n\n\n<p>Quedamos a vuestra disposici\u00f3n para cualquier duda o aclaraci\u00f3n al respecto.<\/p>\n\n\n\n<p>Saludos cordiales,<\/p>\n\n\n\n<h4>JULIO VILAGRASA Y ASOCIADOS<\/h4>\n","protected":false},"excerpt":{"rendered":"<p>En esta nota nos centramos en una breve exposici\u00f3n de los aspectos que consideramos m\u00e1s importantes en relaci\u00f3n a los apoyos a pymes y aut\u00f3nomos.<\/p>\n","protected":false},"author":2,"featured_media":0,"comment_status":"open","ping_status":"open","sticky":false,"template":"","format":"standard","meta":[],"categories":[23],"tags":[],"yoast_head":"<!-- This site is optimized with the Yoast SEO plugin v14.6.1 - https:\/\/yoast.com\/wordpress\/plugins\/seo\/ -->\n<title>Tercer paquete de medidas de apoyo en la crisis del COVID-19. Pymes y aut\u00f3nomos | Julio Vilagrasa<\/title>\n<meta name=\"description\" content=\"En esta nota nos centramos en una breve exposici\u00f3n de los aspectos que consideramos m\u00e1s importantes en relaci\u00f3n a los apoyos a pymes y aut\u00f3nomos.\" \/>\n<meta name=\"robots\" content=\"index, follow\" \/>\n<meta name=\"googlebot\" content=\"index, follow, max-snippet:-1, max-image-preview:large, max-video-preview:-1\" \/>\n<meta name=\"bingbot\" content=\"index, follow, max-snippet:-1, max-image-preview:large, max-video-preview:-1\" \/>\n<link rel=\"canonical\" href=\"https:\/\/juliovilagrasa.com\/es\/2020\/04\/02\/tercer-paquete-de-medidas-de-apoyo-en-la-crisis-del-covid-19-pymes-y-autonomos\/\" \/>\n<meta property=\"og:locale\" content=\"es_ES\" \/>\n<meta property=\"og:type\" content=\"article\" \/>\n<meta property=\"og:title\" content=\"Tercer paquete de medidas de apoyo en la crisis del COVID-19. Pymes y aut\u00f3nomos | Julio Vilagrasa\" \/>\n<meta property=\"og:description\" content=\"En esta nota nos centramos en una breve exposici\u00f3n de los aspectos que consideramos m\u00e1s importantes en relaci\u00f3n a los apoyos a pymes y aut\u00f3nomos.\" \/>\n<meta property=\"og:url\" content=\"https:\/\/juliovilagrasa.com\/es\/2020\/04\/02\/tercer-paquete-de-medidas-de-apoyo-en-la-crisis-del-covid-19-pymes-y-autonomos\/\" \/>\n<meta property=\"og:site_name\" content=\"Julio Vilagrasa\" \/>\n<meta property=\"article:published_time\" content=\"2020-04-02T08:29:33+00:00\" \/>\n<meta property=\"article:modified_time\" content=\"2020-04-02T08:38:48+00:00\" \/>\n<meta name=\"twitter:card\" content=\"summary_large_image\" \/>\n<script type=\"application\/ld+json\" class=\"yoast-schema-graph\">{\"@context\":\"https:\/\/schema.org\",\"@graph\":[{\"@type\":\"Organization\",\"@id\":\"https:\/\/juliovilagrasa.com\/es\/#organization\",\"name\":\"Julio Vilagrasa y asociados\",\"url\":\"https:\/\/juliovilagrasa.com\/es\/\",\"sameAs\":[\"https:\/\/www.linkedin.com\/company\/vilagrasa-asociados\/about\/\"],\"logo\":{\"@type\":\"ImageObject\",\"@id\":\"https:\/\/juliovilagrasa.com\/es\/#logo\",\"inLanguage\":\"es\",\"url\":\"https:\/\/juliovilagrasa.com\/wp-content\/uploads\/2020\/03\/Julio-Vilagrasa-y-asociados.png\",\"width\":900,\"height\":238,\"caption\":\"Julio Vilagrasa y asociados\"},\"image\":{\"@id\":\"https:\/\/juliovilagrasa.com\/es\/#logo\"}},{\"@type\":\"WebSite\",\"@id\":\"https:\/\/juliovilagrasa.com\/es\/#website\",\"url\":\"https:\/\/juliovilagrasa.com\/es\/\",\"name\":\"Julio Vilagrasa y asociados\",\"description\":\"Advocats i Economistes\",\"publisher\":{\"@id\":\"https:\/\/juliovilagrasa.com\/es\/#organization\"},\"potentialAction\":[{\"@type\":\"SearchAction\",\"target\":\"https:\/\/juliovilagrasa.com\/es\/?s={search_term_string}\",\"query-input\":\"required name=search_term_string\"}],\"inLanguage\":\"es\"},{\"@type\":\"WebPage\",\"@id\":\"https:\/\/juliovilagrasa.com\/es\/2020\/04\/02\/tercer-paquete-de-medidas-de-apoyo-en-la-crisis-del-covid-19-pymes-y-autonomos\/#webpage\",\"url\":\"https:\/\/juliovilagrasa.com\/es\/2020\/04\/02\/tercer-paquete-de-medidas-de-apoyo-en-la-crisis-del-covid-19-pymes-y-autonomos\/\",\"name\":\"Tercer paquete de medidas de apoyo en la crisis del COVID-19. Pymes y aut\\u00f3nomos | Julio Vilagrasa\",\"isPartOf\":{\"@id\":\"https:\/\/juliovilagrasa.com\/es\/#website\"},\"datePublished\":\"2020-04-02T08:29:33+00:00\",\"dateModified\":\"2020-04-02T08:38:48+00:00\",\"description\":\"En esta nota nos centramos en una breve exposici\\u00f3n de los aspectos que consideramos m\\u00e1s importantes en relaci\\u00f3n a los apoyos a pymes y aut\\u00f3nomos.\",\"inLanguage\":\"es\",\"potentialAction\":[{\"@type\":\"ReadAction\",\"target\":[\"https:\/\/juliovilagrasa.com\/es\/2020\/04\/02\/tercer-paquete-de-medidas-de-apoyo-en-la-crisis-del-covid-19-pymes-y-autonomos\/\"]}]},{\"@type\":\"Article\",\"@id\":\"https:\/\/juliovilagrasa.com\/es\/2020\/04\/02\/tercer-paquete-de-medidas-de-apoyo-en-la-crisis-del-covid-19-pymes-y-autonomos\/#article\",\"isPartOf\":{\"@id\":\"https:\/\/juliovilagrasa.com\/es\/2020\/04\/02\/tercer-paquete-de-medidas-de-apoyo-en-la-crisis-del-covid-19-pymes-y-autonomos\/#webpage\"},\"author\":{\"@id\":\"https:\/\/juliovilagrasa.com\/es\/#\/schema\/person\/64b9bf20c9c096163e15cf61a00f69ef\"},\"headline\":\"Tercer paquete de medidas de apoyo en la crisis del COVID-19. Pymes y aut\\u00f3nomos\",\"datePublished\":\"2020-04-02T08:29:33+00:00\",\"dateModified\":\"2020-04-02T08:38:48+00:00\",\"mainEntityOfPage\":{\"@id\":\"https:\/\/juliovilagrasa.com\/es\/2020\/04\/02\/tercer-paquete-de-medidas-de-apoyo-en-la-crisis-del-covid-19-pymes-y-autonomos\/#webpage\"},\"commentCount\":0,\"publisher\":{\"@id\":\"https:\/\/juliovilagrasa.com\/es\/#organization\"},\"articleSection\":\"Estado de alarma COVID-19\",\"inLanguage\":\"es\",\"potentialAction\":[{\"@type\":\"CommentAction\",\"name\":\"Comment\",\"target\":[\"https:\/\/juliovilagrasa.com\/es\/2020\/04\/02\/tercer-paquete-de-medidas-de-apoyo-en-la-crisis-del-covid-19-pymes-y-autonomos\/#respond\"]}]},{\"@type\":[\"Person\"],\"@id\":\"https:\/\/juliovilagrasa.com\/es\/#\/schema\/person\/64b9bf20c9c096163e15cf61a00f69ef\",\"name\":\"juliovilagrasa\",\"image\":{\"@type\":\"ImageObject\",\"@id\":\"https:\/\/juliovilagrasa.com\/es\/#personlogo\",\"inLanguage\":\"es\",\"url\":\"http:\/\/2.gravatar.com\/avatar\/bdda4718155f8215ce9e4901102381f9?s=96&d=mm&r=g\",\"caption\":\"juliovilagrasa\"}}]}<\/script>\n<!-- \/ Yoast SEO plugin. -->","_links":{"self":[{"href":"https:\/\/juliovilagrasa.com\/es\/wp-json\/wp\/v2\/posts\/450"}],"collection":[{"href":"https:\/\/juliovilagrasa.com\/es\/wp-json\/wp\/v2\/posts"}],"about":[{"href":"https:\/\/juliovilagrasa.com\/es\/wp-json\/wp\/v2\/types\/post"}],"author":[{"embeddable":true,"href":"https:\/\/juliovilagrasa.com\/es\/wp-json\/wp\/v2\/users\/2"}],"replies":[{"embeddable":true,"href":"https:\/\/juliovilagrasa.com\/es\/wp-json\/wp\/v2\/comments?post=450"}],"version-history":[{"count":1,"href":"https:\/\/juliovilagrasa.com\/es\/wp-json\/wp\/v2\/posts\/450\/revisions"}],"predecessor-version":[{"id":452,"href":"https:\/\/juliovilagrasa.com\/es\/wp-json\/wp\/v2\/posts\/450\/revisions\/452"}],"wp:attachment":[{"href":"https:\/\/juliovilagrasa.com\/es\/wp-json\/wp\/v2\/media?parent=450"}],"wp:term":[{"taxonomy":"category","embeddable":true,"href":"https:\/\/juliovilagrasa.com\/es\/wp-json\/wp\/v2\/categories?post=450"},{"taxonomy":"post_tag","embeddable":true,"href":"https:\/\/juliovilagrasa.com\/es\/wp-json\/wp\/v2\/tags?post=450"}],"curies":[{"name":"wp","href":"https:\/\/api.w.org\/{rel}","templated":true}]}}