{"id":466,"date":"2020-04-07T07:43:33","date_gmt":"2020-04-07T07:43:33","guid":{"rendered":"https:\/\/juliovilagrasa.com\/2020\/04\/07\/aclariments-de-licac-sobre-terminis-per-la-formulacio-verificacio-i-aprovacio-dels-comptes-anuals-en-la-gestio-de-la-crisis-del-covid-19\/"},"modified":"2020-04-23T08:36:14","modified_gmt":"2020-04-23T08:36:14","slug":"aclaraciones-del-icac-sobre-plazos-para-la-formulacion-verificacion-y-aprobacion-de-las-cuentas-anuales-en-la-gestion-de-la-crisis-del-covid-19","status":"publish","type":"post","link":"https:\/\/juliovilagrasa.com\/es\/2020\/04\/07\/aclaraciones-del-icac-sobre-plazos-para-la-formulacion-verificacion-y-aprobacion-de-las-cuentas-anuales-en-la-gestion-de-la-crisis-del-covid-19\/","title":{"rendered":"Aclaraciones del ICAC sobre plazos para la formulaci\u00f3n, verificaci\u00f3n y aprobaci\u00f3n de las cuentas anuales en la gesti\u00f3n de la crisis del COVID-19"},"content":{"rendered":"\n<p><em>Dirigimos esta Nota Informativa especialmente a quienes tengan inter\u00e9s en las cuentas anuales de sociedades de capital no cotizadas sometidas a auditoria. En ella, desarrollamos las aclaraciones del ICAC sobre el efecto de la crisis sanitaria y el Real Decreto\u2010Ley 8\/2020, de 17 de marzo, de medidas urgentes extraordinarias para hacer frente al impacto econ\u00f3mico y social del COVID\u201019 en el proceso de formulaci\u00f3n, verificaci\u00f3n y aprobaci\u00f3n de las cuentas anuales de las distintas empresas y entidades. Acompa\u00f1amos como gu\u00eda nuestra Nota Informativa 3 y el art\u00edculo 40 del Real Decreto\u2010Ley de referencia.<\/em><\/p>\n\n\n\n<h2>I. Introducci\u00f3n a la consulta.<\/h2>\n\n\n\n<p>Como os hemos venido informando, las regulaciones surgidas desde la declaraci\u00f3n del estado de alarma el pasado <strong>14 de marzo<\/strong>, han suscitado dudas en distintos sectores, con las correspondientes solicitudes de aclaraci\u00f3n. Es el caso de las <strong>consultas de auditor\u00eda<\/strong> realizadas con respecto a la aplicaci\u00f3n del Real Decreto 463\/2020, de 14 de marzo de 2020, por el que se declara el estado de alarma para la gesti\u00f3n de la situaci\u00f3n de crisis sanitaria ocasionada por el COVID\u201019, al que sigui\u00f3 el Real Decreto\u2010Ley 8\/2020, de 17 de marzo, de <strong>medidas urgentes extraordinarias<\/strong> para hacer frente al impacto econ\u00f3mico y social del COVID\u201019. El <a href=\"https:\/\/juliovilagrasa.com\/wp-content\/uploads\/2020\/04\/Art.40.pdf\" target=\"_blank\" rel=\"noreferrer noopener\" aria-label=\"art\u00edculo 40 (se abre en una nueva pesta\u00f1a)\">art\u00edculo 40<\/a> de este \u00faltimo establec\u00eda un r\u00e9gimen extraordinario, posteriormente esclarecido en la Disposici\u00f3n Final Primera (apartado 13) del Real Decreto\u2010Ley 11\/2020 por el que se adoptan medidas urgentes complementarias en el \u00e1mbito social y econ\u00f3mico para hacer frente al COVID\u201019. Dichas consultas han sido formuladas ante Instituto de Contabilidad y Auditor\u00eda de Cuentas (ICAC), quien ha publicado su respuesta el pasado 4 de abril.<\/p>\n\n\n\n<p>Las consultas se resumen en una \u00fanica: Efecto de la crisis sanitaria y el Real Decreto Ley 8\/2020, de 17 de marzo, de medidas urgentes extraordinarias para hacer frente al impacto econ\u00f3mico y social del COVID\u201019 <strong>en el proceso de formulaci\u00f3n, verificaci\u00f3n y aprobaci\u00f3n de las cuentas anuales de las distintas empresas y entidades<\/strong> (medidas extraordinarias el <a href=\"https:\/\/juliovilagrasa.com\/wp-content\/uploads\/2020\/04\/Art.40.pdf\">art\u00edculo 40<\/a> antes referido, copia del cuya redacci\u00f3n adjuntamos a la presente).<\/p>\n\n\n\n<p>Las principales medidas reguladas en el art\u00edculo 40 en cuanto a formulaci\u00f3n y aprobaci\u00f3n de cuentas anuales establec\u00edan, entre otras, lo siguiente (extracto <a href=\"https:\/\/juliovilagrasa.com\/es\/2020\/03\/18\/formulacion-de-cuentas-anuales-reuniones-de-organs-de-gobierno-y-administracion-durante-el-estado-de-alarma\/\" target=\"_blank\" rel=\"noreferrer noopener\" aria-label=\" (se abre en una nueva pesta\u00f1a)\">Nota Informativa 3<\/a>):<\/p>\n\n\n\n<ul><li>El plazo de tres meses a contar desde el cierre del ejercicio social para formular las cuentas anuales queda suspendido hasta que finalice el estado de alarma \u2010 cuando \u00e9ste finalice se reanudar\u00e1 por tres meses m\u00e1s\u2010.<\/li><li>Si las cuentas anuales ya han sido formuladas y requieren auditor\u00eda obligatoria, la emisi\u00f3n del correspondiente informe se entender\u00e1 prorrogada por dos meses m\u00e1s, desde la fecha de finalizaci\u00f3n del estado de alarma. En caso de que no hayan sido formuladas, el informe arrastrar\u00e1 el plazo referido en el apartado anterior.<\/li><li>En cuanto a la aprobaci\u00f3n de las cuentas anuales, tambi\u00e9n se desplaza el plazo de aprobaci\u00f3n (en Junta o Asamblea) a los tres meses siguientes a la finalizaci\u00f3n del plazo de formulaci\u00f3n de las cuentas anuales.<\/li><li>Aquellos que hubieran convocado la Junta o Asamblea de aprobaci\u00f3n antes de la declaraci\u00f3n del estado de alarma para una fecha de celebraci\u00f3n posterior a la declaraci\u00f3n, podr\u00e1n modificar la fecha y lugar de celebraci\u00f3n, o revocar el acuerdo de convocatoria, con una antelaci\u00f3n m\u00ednima de 48 horas (p\u00e1gina web, BOE \u2010 en este punto, esperamos nuevas resoluciones). La nueva convocatoria se deber\u00e1 realizar en el mes siguiente a la fecha de finalizaci\u00f3n del estado de alarma.<\/li><\/ul>\n\n\n\n<h2>II. Interpretaci\u00f3n del ICAC del r\u00e9gimen extraordinario del art\u00edculo 40 en Sociedades de capital<\/h2>\n\n\n\n<p>Es importante destacar, como ya adelanta el ICAC en su nota interpretativa, que el Instituto s\u00f3lo tiene potestad para pronunciarse sobre la supervisi\u00f3n de la actividad de auditor\u00eda de cuentas, la normalizaci\u00f3n contable y la aplicaci\u00f3n del r\u00e9gimen sancionador cuando no se depositen las cuentas anuales en el Registro Mercantil. En consecuencia, no le corresponde regular el r\u00e9gimen de formulaci\u00f3n y aprobaci\u00f3n de las cuentas anuales.<\/p>\n\n\n\n<p>La cuesti\u00f3n planteada se refiere al efecto de lo dispuesto en el art\u00edculo 40, apartados 3 a 5, del Real Decreto Ley 8\/2020, de 17 de marzo, en el proceso de <strong>formulaci\u00f3n, verificaci\u00f3n y aprobaci\u00f3n de las cuentas anuales<\/strong> por parte de las distintas empresas y entidades, y su modificaci\u00f3n por el Real Decreto Ley 11\/2020, de 31 de marzo.<\/p>\n\n\n\n<p>En concreto (extracto de los referidos apartados del art\u00edculo 40):<\/p>\n\n\n\n<blockquote class=\"wp-block-quote\"><p> \u201c(\u2026) 3. El plazo de tres meses a contar desde el cierre del ejercicio social para que el \u00f3rgano de gobierno o administraci\u00f3n de una persona jur\u00eddica obligada formule las cuentas anuales, ordinarias o abreviadas, individuales o consolidadas, y, si fuera legalmente exigible, el informe de gesti\u00f3n, y para formular los dem\u00e1s documentos que sean legalmente obligatorios por la legislaci\u00f3n de sociedades queda suspendido hasta que finalice el estado de alarma, reanud\u00e1ndose de nuevo por otros tres meses a contar desde esa fecha.<br>En el caso de que, a la fecha de declaraci\u00f3n del estado de alarma, el \u00f3rgano de gobierno o administraci\u00f3n de una persona jur\u00eddica obligada ya hubiera formulado las cuentas del ejercicio anterior, el plazo para la verificaci\u00f3n contable de esas cuentas, si la auditor\u00eda fuera obligatoria, se entender\u00e1 prorrogado por dos meses a contar desde que finalice el estado de alarma. <br>La junta general ordinaria para aprobar las cuentas del ejercicio anterior se reunir\u00e1 necesariamente dentro de los tres meses siguientes a contar desde que finalice el plazo para formular las cuentas anuales (\u2026)\u201d.<\/p><cite>Article 40<\/cite><\/blockquote>\n\n\n\n<p>En su adaptaci\u00f3n al estado de alarma, el art\u00edculo 40 altera temporalmente las disposiciones de legislaci\u00f3n y normativa de aplicaci\u00f3n.<\/p>\n\n\n\n<h2>Conclusiones del ICAC:<\/h2>\n\n\n\n<p>El ICAC desarrolla su respuesta dividi\u00e9ndola en los siguientes apartados<\/p>\n\n\n\n<h3>a) Entidades en las que a 14 de marzo de 2020 ya hab\u00eda <strong>finalizado el plazo de formulaci\u00f3n<\/strong> de sus cuentas anuales.<\/h3>\n\n\n\n<p><em>Formulaci\u00f3n<\/em>: No les resulta de aplicaci\u00f3n del Real Decreto\u2010Ley en cuanto a formulaci\u00f3n.<br><em>Verificaci\u00f3n<\/em> (Informe de Auditor\u00eda): Aplicaci\u00f3n opcional del art\u00edculo 40.4 (pueden optar entre verificaci\u00f3n en continuidad de plazos o acogimiento a la pr\u00f3rroga de dos meses).<br><em>Aprobaci\u00f3n<\/em>: En funci\u00f3n de la opci\u00f3n que se tome en cuanto a la verificaci\u00f3n (continuando el plazo legal (seis meses a contar desde el cierre del ejercicio) o a\u00f1adiendo la pr\u00f3rroga de dos meses). Recordamos a este respecto que las Juntas de aprobaci\u00f3n podr\u00e1n realizarse por escrito y sin sesi\u00f3n, o a trav\u00e9s de videoconferencia, durante el estado de alarma \u2013 aplicable tambi\u00e9n a reuniones del Consejo de Administraci\u00f3n cuando formulen cuentas durante este periodo\u2010.<\/p>\n\n\n\n<h3>b) Entidades en las que a fecha del 14 de marzo de 2020 no hab\u00eda finalizado el plazo de formulaci\u00f3n de sus cuentas anuales pero en las que, sin embargo, el \u00d3rgano de Administraci\u00f3n <strong>ya las hab\u00eda formulad<\/strong>o, con anterioridad a dicha fecha.<\/h3>\n\n\n\n<p><em>Formulaci\u00f3n<\/em>: Cumplimentada en plazo legal.<br><em>Verificaci\u00f3n<\/em> (Informe de Auditor\u00eda): Aplicaci\u00f3n opcional del art\u00edculo 40.4 (acogimiento a la pr\u00f3rroga de dos meses).<br><em>Aprobaci\u00f3n<\/em>: Podr\u00e1 acogerse al plazo del art\u00edculo 40.5 (tres meses m\u00e1s tarde a la fecha de finalizaci\u00f3n del plazo extraordinario de formulaci\u00f3n \u2013tres meses a partir de la finalizaci\u00f3n del estado de alarma\u2010, aunque \u00e9sta ya se haya realizado).<\/p>\n\n\n\n<h3>c) Entidades que, a pesar de que pudieran acogerse a la extensi\u00f3n del plazo de formulaci\u00f3n de sus cuentas anuales, formulan las cuentas <strong>durante el estado de alarma.<\/strong><\/h3>\n\n\n\n<p><em>Formulaci\u00f3n<\/em>: Durante la vigencia del estado de alarma.<br><em>Verificaci\u00f3n<\/em> (Informe de auditor\u00eda): Aplica el art\u00edculo 40.4. (acogimiento a la pr\u00f3rroga de dos meses).<br><em>Aprobaci\u00f3n<\/em>: Aplica el art\u00edculo 40.5 (tres meses m\u00e1s tarde a la fecha de finalizaci\u00f3n del plazo extraordinario de formulaci\u00f3n \u2013tres meses a partir de la finalizaci\u00f3n del estado de alarma).<\/p>\n\n\n\n<h3>d) Caso normal. <strong>Entidades que formulan sus cuentas anuales dentro del periodo de extensi\u00f3n de los tres meses a partir de la finalizaci\u00f3n del estado de alarma<\/strong>.<\/h3>\n\n\n\n<p>S\u00f3lo resultan de aplicaci\u00f3n los apartados 3 y 5 del art\u00edculo 40. Es decir:<br><em>Formulaci\u00f3n<\/em>: Aplica el art\u00edculo 40.3 (pr\u00f3rroga del plazo de formulaci\u00f3n a los tres meses hasta que finalice el estado de alarma).<br><em>Verificaci\u00f3n<\/em> (Informe de auditor\u00eda): Una vez formuladas las cuentas anuales se podr\u00e1 proceder a la verificaci\u00f3n del informe de auditor\u00eda.<br><em>Aprobaci\u00f3n<\/em>: Aplica el art\u00edculo 40.5 (en los tres meses siguientes a la finalizaci\u00f3n del plazo de formulaci\u00f3n).<\/p>\n\n\n\n<h3>e) Entidades no sujetas a la obligaci\u00f3n de auditar cuentas anuales, pero que<br> <strong>voluntariamente las someten a auditor\u00eda<\/strong>.<\/h3>\n\n\n\n<p>Misma aplicaci\u00f3n que en el apartado d) anterior:<br><em>Formulaci\u00f3n<\/em>: Aplica el art\u00edculo 40.3 (pr\u00f3rroga del plazo de formulaci\u00f3n a los tres meses hasta que finalice el estado de alarma).<br><em>Verificaci\u00f3n<\/em> (Informe de auditor\u00eda): Una vez formuladas las cuentas anuales se podr\u00e1 proceder a la verificaci\u00f3n del informe de auditor\u00eda.<br><em>Aprobaci\u00f3n<\/em>: En los tres meses siguientes a la finalizaci\u00f3n del plazo de formulaci\u00f3n (art\u00edculo 40.5).<\/p>\n\n\n\n<h3>f) Auditor\u00eda de otros estados financieros distintos a las cuentas anuales.<\/h3>\n\n\n\n<p>El Real Decreto se refiere s\u00f3lo al proceso de formulaci\u00f3n, verificaci\u00f3n y aprobaci\u00f3n de las cuentas anuales, sin afectar a los trabajos de auditor\u00eda de cuentas de estados financieros distintos a aquellas (estados financieros intermedios, balance, etc\u2026).<\/p>\n\n\n\n<p>Quedamos a vuestra disposici\u00f3n para cualquier duda o aclaraci\u00f3n al respecto.<\/p>\n\n\n\n<p>Saludos cordiales,<\/p>\n\n\n\n<h4>JULIO VILAGRASA Y ASOCIADOS<\/h4>\n","protected":false},"excerpt":{"rendered":"<p>Dirigimos esta Nota Informativa d\u00f3nde desarrollamos las aclaraciones del ICAC sobre el efecto de la crisis sanitaria y el Real Decreto\u2010Ley 8\/2020<\/p>\n","protected":false},"author":2,"featured_media":0,"comment_status":"open","ping_status":"open","sticky":false,"template":"","format":"standard","meta":[],"categories":[23],"tags":[],"yoast_head":"<!-- This site is optimized with the Yoast SEO plugin v14.6.1 - https:\/\/yoast.com\/wordpress\/plugins\/seo\/ -->\n<title>Aclaraciones del ICAC sobre plazos para la formulaci\u00f3n, verificaci\u00f3n y aprobaci\u00f3n de las cuentas anuales en la gesti\u00f3n de la crisis del COVID-19 | Julio Vilagrasa<\/title>\n<meta name=\"description\" content=\"Dirigimos esta Nota Informativa d\u00f3nde desarrollamos las aclaraciones del ICAC sobre el efecto de la crisis sanitaria y el Real Decreto\u2010Ley 8\/2020\" \/>\n<meta name=\"robots\" content=\"index, follow\" \/>\n<meta name=\"googlebot\" content=\"index, follow, max-snippet:-1, max-image-preview:large, max-video-preview:-1\" \/>\n<meta name=\"bingbot\" content=\"index, follow, max-snippet:-1, max-image-preview:large, max-video-preview:-1\" \/>\n<link rel=\"canonical\" href=\"https:\/\/juliovilagrasa.com\/es\/2020\/04\/07\/aclaraciones-del-icac-sobre-plazos-para-la-formulacion-verificacion-y-aprobacion-de-las-cuentas-anuales-en-la-gestion-de-la-crisis-del-covid-19\/\" \/>\n<meta property=\"og:locale\" content=\"es_ES\" \/>\n<meta property=\"og:type\" content=\"article\" \/>\n<meta property=\"og:title\" content=\"Aclaraciones del ICAC sobre plazos para la formulaci\u00f3n, verificaci\u00f3n y aprobaci\u00f3n de las cuentas anuales en la gesti\u00f3n de la crisis del COVID-19 | Julio Vilagrasa\" \/>\n<meta property=\"og:description\" content=\"Dirigimos esta Nota Informativa d\u00f3nde desarrollamos las aclaraciones del ICAC sobre el efecto de la crisis sanitaria y el Real Decreto\u2010Ley 8\/2020\" \/>\n<meta property=\"og:url\" content=\"https:\/\/juliovilagrasa.com\/es\/2020\/04\/07\/aclaraciones-del-icac-sobre-plazos-para-la-formulacion-verificacion-y-aprobacion-de-las-cuentas-anuales-en-la-gestion-de-la-crisis-del-covid-19\/\" \/>\n<meta property=\"og:site_name\" content=\"Julio Vilagrasa\" \/>\n<meta property=\"article:published_time\" content=\"2020-04-07T07:43:33+00:00\" \/>\n<meta property=\"article:modified_time\" content=\"2020-04-23T08:36:14+00:00\" \/>\n<meta name=\"twitter:card\" content=\"summary_large_image\" \/>\n<script type=\"application\/ld+json\" class=\"yoast-schema-graph\">{\"@context\":\"https:\/\/schema.org\",\"@graph\":[{\"@type\":\"Organization\",\"@id\":\"https:\/\/juliovilagrasa.com\/es\/#organization\",\"name\":\"Julio Vilagrasa y asociados\",\"url\":\"https:\/\/juliovilagrasa.com\/es\/\",\"sameAs\":[\"https:\/\/www.linkedin.com\/company\/vilagrasa-asociados\/about\/\"],\"logo\":{\"@type\":\"ImageObject\",\"@id\":\"https:\/\/juliovilagrasa.com\/es\/#logo\",\"inLanguage\":\"es\",\"url\":\"https:\/\/juliovilagrasa.com\/wp-content\/uploads\/2020\/03\/Julio-Vilagrasa-y-asociados.png\",\"width\":900,\"height\":238,\"caption\":\"Julio Vilagrasa y asociados\"},\"image\":{\"@id\":\"https:\/\/juliovilagrasa.com\/es\/#logo\"}},{\"@type\":\"WebSite\",\"@id\":\"https:\/\/juliovilagrasa.com\/es\/#website\",\"url\":\"https:\/\/juliovilagrasa.com\/es\/\",\"name\":\"Julio Vilagrasa y asociados\",\"description\":\"Advocats i Economistes\",\"publisher\":{\"@id\":\"https:\/\/juliovilagrasa.com\/es\/#organization\"},\"potentialAction\":[{\"@type\":\"SearchAction\",\"target\":\"https:\/\/juliovilagrasa.com\/es\/?s={search_term_string}\",\"query-input\":\"required name=search_term_string\"}],\"inLanguage\":\"es\"},{\"@type\":\"WebPage\",\"@id\":\"https:\/\/juliovilagrasa.com\/es\/2020\/04\/07\/aclaraciones-del-icac-sobre-plazos-para-la-formulacion-verificacion-y-aprobacion-de-las-cuentas-anuales-en-la-gestion-de-la-crisis-del-covid-19\/#webpage\",\"url\":\"https:\/\/juliovilagrasa.com\/es\/2020\/04\/07\/aclaraciones-del-icac-sobre-plazos-para-la-formulacion-verificacion-y-aprobacion-de-las-cuentas-anuales-en-la-gestion-de-la-crisis-del-covid-19\/\",\"name\":\"Aclaraciones del ICAC sobre plazos para la formulaci\\u00f3n, verificaci\\u00f3n y aprobaci\\u00f3n de las cuentas anuales en la gesti\\u00f3n de la crisis del COVID-19 | Julio Vilagrasa\",\"isPartOf\":{\"@id\":\"https:\/\/juliovilagrasa.com\/es\/#website\"},\"datePublished\":\"2020-04-07T07:43:33+00:00\",\"dateModified\":\"2020-04-23T08:36:14+00:00\",\"description\":\"Dirigimos esta Nota Informativa d\\u00f3nde desarrollamos las aclaraciones del ICAC sobre el efecto de la crisis sanitaria y el Real Decreto\\u2010Ley 8\/2020\",\"inLanguage\":\"es\",\"potentialAction\":[{\"@type\":\"ReadAction\",\"target\":[\"https:\/\/juliovilagrasa.com\/es\/2020\/04\/07\/aclaraciones-del-icac-sobre-plazos-para-la-formulacion-verificacion-y-aprobacion-de-las-cuentas-anuales-en-la-gestion-de-la-crisis-del-covid-19\/\"]}]},{\"@type\":\"Article\",\"@id\":\"https:\/\/juliovilagrasa.com\/es\/2020\/04\/07\/aclaraciones-del-icac-sobre-plazos-para-la-formulacion-verificacion-y-aprobacion-de-las-cuentas-anuales-en-la-gestion-de-la-crisis-del-covid-19\/#article\",\"isPartOf\":{\"@id\":\"https:\/\/juliovilagrasa.com\/es\/2020\/04\/07\/aclaraciones-del-icac-sobre-plazos-para-la-formulacion-verificacion-y-aprobacion-de-las-cuentas-anuales-en-la-gestion-de-la-crisis-del-covid-19\/#webpage\"},\"author\":{\"@id\":\"https:\/\/juliovilagrasa.com\/es\/#\/schema\/person\/64b9bf20c9c096163e15cf61a00f69ef\"},\"headline\":\"Aclaraciones del ICAC sobre plazos para la formulaci\\u00f3n, verificaci\\u00f3n y aprobaci\\u00f3n de las cuentas anuales en la gesti\\u00f3n de la crisis del COVID-19\",\"datePublished\":\"2020-04-07T07:43:33+00:00\",\"dateModified\":\"2020-04-23T08:36:14+00:00\",\"mainEntityOfPage\":{\"@id\":\"https:\/\/juliovilagrasa.com\/es\/2020\/04\/07\/aclaraciones-del-icac-sobre-plazos-para-la-formulacion-verificacion-y-aprobacion-de-las-cuentas-anuales-en-la-gestion-de-la-crisis-del-covid-19\/#webpage\"},\"commentCount\":0,\"publisher\":{\"@id\":\"https:\/\/juliovilagrasa.com\/es\/#organization\"},\"articleSection\":\"Estado de alarma COVID-19\",\"inLanguage\":\"es\",\"potentialAction\":[{\"@type\":\"CommentAction\",\"name\":\"Comment\",\"target\":[\"https:\/\/juliovilagrasa.com\/es\/2020\/04\/07\/aclaraciones-del-icac-sobre-plazos-para-la-formulacion-verificacion-y-aprobacion-de-las-cuentas-anuales-en-la-gestion-de-la-crisis-del-covid-19\/#respond\"]}]},{\"@type\":[\"Person\"],\"@id\":\"https:\/\/juliovilagrasa.com\/es\/#\/schema\/person\/64b9bf20c9c096163e15cf61a00f69ef\",\"name\":\"juliovilagrasa\",\"image\":{\"@type\":\"ImageObject\",\"@id\":\"https:\/\/juliovilagrasa.com\/es\/#personlogo\",\"inLanguage\":\"es\",\"url\":\"http:\/\/2.gravatar.com\/avatar\/bdda4718155f8215ce9e4901102381f9?s=96&d=mm&r=g\",\"caption\":\"juliovilagrasa\"}}]}<\/script>\n<!-- \/ Yoast SEO plugin. -->","_links":{"self":[{"href":"https:\/\/juliovilagrasa.com\/es\/wp-json\/wp\/v2\/posts\/466"}],"collection":[{"href":"https:\/\/juliovilagrasa.com\/es\/wp-json\/wp\/v2\/posts"}],"about":[{"href":"https:\/\/juliovilagrasa.com\/es\/wp-json\/wp\/v2\/types\/post"}],"author":[{"embeddable":true,"href":"https:\/\/juliovilagrasa.com\/es\/wp-json\/wp\/v2\/users\/2"}],"replies":[{"embeddable":true,"href":"https:\/\/juliovilagrasa.com\/es\/wp-json\/wp\/v2\/comments?post=466"}],"version-history":[{"count":1,"href":"https:\/\/juliovilagrasa.com\/es\/wp-json\/wp\/v2\/posts\/466\/revisions"}],"predecessor-version":[{"id":468,"href":"https:\/\/juliovilagrasa.com\/es\/wp-json\/wp\/v2\/posts\/466\/revisions\/468"}],"wp:attachment":[{"href":"https:\/\/juliovilagrasa.com\/es\/wp-json\/wp\/v2\/media?parent=466"}],"wp:term":[{"taxonomy":"category","embeddable":true,"href":"https:\/\/juliovilagrasa.com\/es\/wp-json\/wp\/v2\/categories?post=466"},{"taxonomy":"post_tag","embeddable":true,"href":"https:\/\/juliovilagrasa.com\/es\/wp-json\/wp\/v2\/tags?post=466"}],"curies":[{"name":"wp","href":"https:\/\/api.w.org\/{rel}","templated":true}]}}