{"id":476,"date":"2020-04-08T08:00:00","date_gmt":"2020-04-08T08:00:00","guid":{"rendered":"https:\/\/juliovilagrasa.com\/2020\/04\/08\/reial-decret%e2%80%90llei-13-2020-de-7-dabril-pel-qual-sadopten-determinades-mesures-urgents-en-materia-docupacio-agraria\/"},"modified":"2020-04-09T08:10:49","modified_gmt":"2020-04-09T08:10:49","slug":"real-decreto%e2%80%90ley-13-2020-de-7-de-abril-por-el-que-se-adoptan-determinadas-medidas-urgentes-en-materia-de-empleo-agrario","status":"publish","type":"post","link":"https:\/\/juliovilagrasa.com\/es\/2020\/04\/08\/real-decreto%e2%80%90ley-13-2020-de-7-de-abril-por-el-que-se-adoptan-determinadas-medidas-urgentes-en-materia-de-empleo-agrario\/","title":{"rendered":"Real Decreto\u2010Ley 13\/2020, De 7 de abril, Por el que se adoptan determinadas medidas urgentes en materia de empleo agrario"},"content":{"rendered":"\n<h2>I. Contrataci\u00f3n temporal de trabajadores en el sector agrario<\/h2>\n\n\n\n<p>Con fecha de hoy se ha publicado el Real Decreto\u2010Ley por el que se aprueban medidas urgentes de car\u00e1cter temporal en materia de <strong>empleo agrario<\/strong>. El Real Decreto\u2010Ley entra en vigor ma\u00f1ana y su vigencia se establece hasta el pr\u00f3ximo 30 de junio de 2020, con las excepciones que se\u00f1alamos al final de esta Nota Informativa (*).<\/p>\n\n\n\n<p>Entre los principales objetivos de estas medidas se encuentran el poder <strong>garantizar la disponibilidad de mano de obra<\/strong> a agricultores y ganaderos durante el estado de alarma, coincidente con el inicio de la recogida de las cosechas de verano (principalmente fresa y fruta de hueso), claramente afectada por la realidad del COVID\u201019 y las medidas regulatorias adoptadas, entre ellas, la limitaci\u00f3n de movilidad que impide los habituales (e imprescindibles) desplazamientos de trabajadores para la recolecci\u00f3n, ante cuya imposibilidad podr\u00edan generarse<br>\u2013 entre otros muchos factores colaterales\u2010 una disminuci\u00f3n de abastecimiento a los mercados, o la p\u00e9rdida de estos cultivos.<\/p>\n\n\n\n<p>As\u00ed pues, se pretende favorecer la <strong>contrataci\u00f3n temporal<\/strong> de trabajadores en el sector agrario, mediante el establecimiento de <strong>medidas extraordinarias de flexibilizaci\u00f3n de empleo<\/strong> durante la vigencia del estado de alarma, cualquiera que sea la categor\u00eda profesional u ocupaci\u00f3n completa del empleado. La norma se dirige a asegurar que cualquier trabajador que acepte tal contrato temporal no se vea perjudicado, con independencia de que perciba o no alg\u00fan tipo de subsidio, ayuda o prestaci\u00f3n de car\u00e1cter social o laboral, contributiva o no contributiva.<\/p>\n\n\n\n<p>La principal caracter\u00edstica de estas medidas es que <strong>permiten la compatibilizaci\u00f3n de la presentaci\u00f3n por desempleo con el sueldo por la contrataci\u00f3n en la recolecci\u00f3n<\/strong> (permite compatibilizar el subsidio agrario con el sueldo por la recogida de la campa\u00f1a en este periodo).<\/p>\n\n\n\n<p>En este sentido, podr\u00e1n acogerse a estas medidas de flexibilizaci\u00f3n temporal:<\/p>\n\n\n\n<ul><li>Personas en situaci\u00f3n de desempleo o cese de actividad.<\/li><li>Trabajadores cuyos contratos se hayan visto temporalmente suspendidos (excepto EETTRE).<\/li><li>Migrantes con permiso en vigor hasta el 30 de junio de 2020.<\/li><li>J\u00f3venes extracomunitarios de entre 18 y 21 a\u00f1os en situaci\u00f3n regular, a los que se proporcionar\u00e1 tambi\u00e9n permiso de trabajo<\/li><\/ul>\n\n\n\n<p>Se requerir\u00e1 que su domicilio (o <strong>el lugar en el que pernocten temporalmente<\/strong>) se halle en <strong>el mismo t\u00e9rmino municipal<\/strong> <strong>o en t\u00e9rminos municipales lim\u00edtrofes<\/strong> al del centro de trabajo.<\/p>\n\n\n\n<p>Los empresarios, por su parte, deber\u00e1n garantizar la <strong>disponibilidad de medios de prevenci\u00f3n<\/strong> apropiados frente al COVID\u201019. Asimismo, comunicar\u00e1n a los servicios p\u00fablicos de empleo auton\u00f3micos sus ofertas de empleo.<\/p>\n\n\n\n<p>Por su parte, las Administraciones competentes, promover\u00e1n y gestionar\u00e1n este tipo de contrataci\u00f3n, estableciendo los colectivos prioritarios para cubrirla cuando el n\u00famero de demandantes de empleo supere la oferta disponible, de conformidad con las disposiciones del Real Decreto\u2010Ley.<\/p>\n\n\n\n<h2>II. Otras consideraciones<\/h2>\n\n\n\n<p>La norma establece asimismo aclaraciones en materia de Seguridad Social respecto de la reciente normativa relacionada con la crisis del COVID\u201019, fundamentalmente en cuanto a <strong>flexibilizaci\u00f3n y simplificaci\u00f3n<\/strong> de tr\u00e1mites. Matiza, adem\u00e1s, que los periodos de aislamiento donde tengan el domicilio las personas trabajadoras como consecuencia del COVID\u201019 se considerar\u00e1n <strong>situaci\u00f3n asimilada al accidente de trabajo.<\/strong><\/p>\n\n\n\n<p>Destaca la imprescindible necesidad de estimular la fabricaci\u00f3n de productos sanitarios y la investigaci\u00f3n cl\u00ednica, que considera indispensable durante la situaci\u00f3n de emergencia, estableciendo la <strong>no aplicaci\u00f3n de las tasas previstas en los procedimientos de autorizaci\u00f3n de ensayos cl\u00ednicos<\/strong> para la investigaci\u00f3n de medicamentos.<\/p>\n\n\n\n<p>Tambi\u00e9n incluye modificaciones con respecto a la incorporaci\u00f3n de la compatibilidad de la pensi\u00f3n de jubilaci\u00f3n con el nombramiento, como personal estatutario, de los profesionales sanitarios, para quienes la protecci\u00f3n de la Seguridad Social se ampl\u00eda a todas las contingencias, incluido el accidente in itinere (durante el desplazamiento al lugar de trabajo).<\/p>\n\n\n\n<p>Finalmente, establece normas temporales de actuaci\u00f3n a los \u00f3rganos de personal para dar cobertura a la tramitaci\u00f3n y abono de todas las situaciones de incapacidad temporal de mutualistas de la Mutualidad General de Funcionarios Civiles del Estado y de la Mutualidad General Judicial.<\/p>\n\n\n\n<p><\/p>\n\n\n\n<p>(*) El Real Decreto\u2010Ley prev\u00e9 una serie de medidas en su Disposici\u00f3n Adicional Tercera (procedimientos de entidades gestoras de la Seguridad Social) que mantendr\u00e1n su eficacia hasta que se normalice el funcionamiento de las correspondientes entidades, lo que se publicar\u00e1 debidamente en el BOE. Lo mismo aplicar\u00e1 a la tramitaci\u00f3n de los procedimientos del Servicio P\u00fablico de Empleo Estatal y el Instituto Social de la Marina con respecto a las medidas del apartado 1 de la Disposici\u00f3n Adicional Cuarta.<\/p>\n\n\n\n<p>Quedamos a vuestra disposici\u00f3n para cualquier duda o aclaraci\u00f3n al respecto.<\/p>\n\n\n\n<p>Saludos cordiales,<\/p>\n\n\n\n<h4>JULIO VILAGRASA I ASOCIADOS<\/h4>\n","protected":false},"excerpt":{"rendered":"<p>Con fecha de hoy se ha publicado el Real Decreto\u2010Ley por el que se aprueban medidas urgentes<br \/>\nde car\u00e1cter temporal en materia de empleo agrario.<\/p>\n","protected":false},"author":2,"featured_media":0,"comment_status":"open","ping_status":"open","sticky":false,"template":"","format":"standard","meta":[],"categories":[23],"tags":[],"yoast_head":"<!-- This site is optimized with the Yoast SEO plugin v14.6.1 - https:\/\/yoast.com\/wordpress\/plugins\/seo\/ -->\n<title>Real Decreto\u2010Ley 13\/2020, De 7 de abril, Por el que se adoptan determinadas medidas urgentes en materia de empleo agrario | Julio Vilagrasa<\/title>\n<meta name=\"description\" content=\"Con fecha de hoy se ha publicado el Real Decreto\u2010Ley por el que se aprueban medidas urgentesde car\u00e1cter temporal en materia de empleo agrario.\" \/>\n<meta name=\"robots\" content=\"index, follow\" \/>\n<meta name=\"googlebot\" content=\"index, follow, max-snippet:-1, max-image-preview:large, max-video-preview:-1\" \/>\n<meta name=\"bingbot\" content=\"index, follow, max-snippet:-1, max-image-preview:large, max-video-preview:-1\" \/>\n<link rel=\"canonical\" href=\"https:\/\/juliovilagrasa.com\/es\/2020\/04\/08\/real-decreto%e2%80%90ley-13-2020-de-7-de-abril-por-el-que-se-adoptan-determinadas-medidas-urgentes-en-materia-de-empleo-agrario\/\" \/>\n<meta property=\"og:locale\" content=\"es_ES\" \/>\n<meta property=\"og:type\" content=\"article\" \/>\n<meta property=\"og:title\" content=\"Real Decreto\u2010Ley 13\/2020, De 7 de abril, Por el que se adoptan determinadas medidas urgentes en materia de empleo agrario | Julio Vilagrasa\" \/>\n<meta property=\"og:description\" content=\"Con fecha de hoy se ha publicado el Real Decreto\u2010Ley por el que se aprueban medidas urgentesde car\u00e1cter temporal en materia de empleo agrario.\" \/>\n<meta property=\"og:url\" content=\"https:\/\/juliovilagrasa.com\/es\/2020\/04\/08\/real-decreto%e2%80%90ley-13-2020-de-7-de-abril-por-el-que-se-adoptan-determinadas-medidas-urgentes-en-materia-de-empleo-agrario\/\" \/>\n<meta property=\"og:site_name\" content=\"Julio Vilagrasa\" \/>\n<meta property=\"article:published_time\" content=\"2020-04-08T08:00:00+00:00\" \/>\n<meta property=\"article:modified_time\" content=\"2020-04-09T08:10:49+00:00\" \/>\n<meta name=\"twitter:card\" content=\"summary_large_image\" \/>\n<script type=\"application\/ld+json\" class=\"yoast-schema-graph\">{\"@context\":\"https:\/\/schema.org\",\"@graph\":[{\"@type\":\"Organization\",\"@id\":\"https:\/\/juliovilagrasa.com\/es\/#organization\",\"name\":\"Julio Vilagrasa y asociados\",\"url\":\"https:\/\/juliovilagrasa.com\/es\/\",\"sameAs\":[\"https:\/\/www.linkedin.com\/company\/vilagrasa-asociados\/about\/\"],\"logo\":{\"@type\":\"ImageObject\",\"@id\":\"https:\/\/juliovilagrasa.com\/es\/#logo\",\"inLanguage\":\"es\",\"url\":\"https:\/\/juliovilagrasa.com\/wp-content\/uploads\/2020\/03\/Julio-Vilagrasa-y-asociados.png\",\"width\":900,\"height\":238,\"caption\":\"Julio Vilagrasa y asociados\"},\"image\":{\"@id\":\"https:\/\/juliovilagrasa.com\/es\/#logo\"}},{\"@type\":\"WebSite\",\"@id\":\"https:\/\/juliovilagrasa.com\/es\/#website\",\"url\":\"https:\/\/juliovilagrasa.com\/es\/\",\"name\":\"Julio Vilagrasa y asociados\",\"description\":\"Advocats i Economistes\",\"publisher\":{\"@id\":\"https:\/\/juliovilagrasa.com\/es\/#organization\"},\"potentialAction\":[{\"@type\":\"SearchAction\",\"target\":\"https:\/\/juliovilagrasa.com\/es\/?s={search_term_string}\",\"query-input\":\"required name=search_term_string\"}],\"inLanguage\":\"es\"},{\"@type\":\"WebPage\",\"@id\":\"https:\/\/juliovilagrasa.com\/es\/2020\/04\/08\/real-decreto%e2%80%90ley-13-2020-de-7-de-abril-por-el-que-se-adoptan-determinadas-medidas-urgentes-en-materia-de-empleo-agrario\/#webpage\",\"url\":\"https:\/\/juliovilagrasa.com\/es\/2020\/04\/08\/real-decreto%e2%80%90ley-13-2020-de-7-de-abril-por-el-que-se-adoptan-determinadas-medidas-urgentes-en-materia-de-empleo-agrario\/\",\"name\":\"Real Decreto\\u2010Ley 13\/2020, De 7 de abril, Por el que se adoptan determinadas medidas urgentes en materia de empleo agrario | Julio Vilagrasa\",\"isPartOf\":{\"@id\":\"https:\/\/juliovilagrasa.com\/es\/#website\"},\"datePublished\":\"2020-04-08T08:00:00+00:00\",\"dateModified\":\"2020-04-09T08:10:49+00:00\",\"description\":\"Con fecha de hoy se ha publicado el Real Decreto\\u2010Ley por el que se aprueban medidas urgentesde car\\u00e1cter temporal en materia de empleo agrario.\",\"inLanguage\":\"es\",\"potentialAction\":[{\"@type\":\"ReadAction\",\"target\":[\"https:\/\/juliovilagrasa.com\/es\/2020\/04\/08\/real-decreto%e2%80%90ley-13-2020-de-7-de-abril-por-el-que-se-adoptan-determinadas-medidas-urgentes-en-materia-de-empleo-agrario\/\"]}]},{\"@type\":\"Article\",\"@id\":\"https:\/\/juliovilagrasa.com\/es\/2020\/04\/08\/real-decreto%e2%80%90ley-13-2020-de-7-de-abril-por-el-que-se-adoptan-determinadas-medidas-urgentes-en-materia-de-empleo-agrario\/#article\",\"isPartOf\":{\"@id\":\"https:\/\/juliovilagrasa.com\/es\/2020\/04\/08\/real-decreto%e2%80%90ley-13-2020-de-7-de-abril-por-el-que-se-adoptan-determinadas-medidas-urgentes-en-materia-de-empleo-agrario\/#webpage\"},\"author\":{\"@id\":\"https:\/\/juliovilagrasa.com\/es\/#\/schema\/person\/64b9bf20c9c096163e15cf61a00f69ef\"},\"headline\":\"Real Decreto\\u2010Ley 13\/2020, De 7 de abril, Por el que se adoptan determinadas medidas urgentes en materia de empleo agrario\",\"datePublished\":\"2020-04-08T08:00:00+00:00\",\"dateModified\":\"2020-04-09T08:10:49+00:00\",\"mainEntityOfPage\":{\"@id\":\"https:\/\/juliovilagrasa.com\/es\/2020\/04\/08\/real-decreto%e2%80%90ley-13-2020-de-7-de-abril-por-el-que-se-adoptan-determinadas-medidas-urgentes-en-materia-de-empleo-agrario\/#webpage\"},\"commentCount\":0,\"publisher\":{\"@id\":\"https:\/\/juliovilagrasa.com\/es\/#organization\"},\"articleSection\":\"Estado de alarma COVID-19\",\"inLanguage\":\"es\",\"potentialAction\":[{\"@type\":\"CommentAction\",\"name\":\"Comment\",\"target\":[\"https:\/\/juliovilagrasa.com\/es\/2020\/04\/08\/real-decreto%e2%80%90ley-13-2020-de-7-de-abril-por-el-que-se-adoptan-determinadas-medidas-urgentes-en-materia-de-empleo-agrario\/#respond\"]}]},{\"@type\":[\"Person\"],\"@id\":\"https:\/\/juliovilagrasa.com\/es\/#\/schema\/person\/64b9bf20c9c096163e15cf61a00f69ef\",\"name\":\"juliovilagrasa\",\"image\":{\"@type\":\"ImageObject\",\"@id\":\"https:\/\/juliovilagrasa.com\/es\/#personlogo\",\"inLanguage\":\"es\",\"url\":\"http:\/\/2.gravatar.com\/avatar\/bdda4718155f8215ce9e4901102381f9?s=96&d=mm&r=g\",\"caption\":\"juliovilagrasa\"}}]}<\/script>\n<!-- \/ Yoast SEO plugin. -->","_links":{"self":[{"href":"https:\/\/juliovilagrasa.com\/es\/wp-json\/wp\/v2\/posts\/476"}],"collection":[{"href":"https:\/\/juliovilagrasa.com\/es\/wp-json\/wp\/v2\/posts"}],"about":[{"href":"https:\/\/juliovilagrasa.com\/es\/wp-json\/wp\/v2\/types\/post"}],"author":[{"embeddable":true,"href":"https:\/\/juliovilagrasa.com\/es\/wp-json\/wp\/v2\/users\/2"}],"replies":[{"embeddable":true,"href":"https:\/\/juliovilagrasa.com\/es\/wp-json\/wp\/v2\/comments?post=476"}],"version-history":[{"count":1,"href":"https:\/\/juliovilagrasa.com\/es\/wp-json\/wp\/v2\/posts\/476\/revisions"}],"predecessor-version":[{"id":477,"href":"https:\/\/juliovilagrasa.com\/es\/wp-json\/wp\/v2\/posts\/476\/revisions\/477"}],"wp:attachment":[{"href":"https:\/\/juliovilagrasa.com\/es\/wp-json\/wp\/v2\/media?parent=476"}],"wp:term":[{"taxonomy":"category","embeddable":true,"href":"https:\/\/juliovilagrasa.com\/es\/wp-json\/wp\/v2\/categories?post=476"},{"taxonomy":"post_tag","embeddable":true,"href":"https:\/\/juliovilagrasa.com\/es\/wp-json\/wp\/v2\/tags?post=476"}],"curies":[{"name":"wp","href":"https:\/\/api.w.org\/{rel}","templated":true}]}}