{"id":479,"date":"2020-04-16T08:26:02","date_gmt":"2020-04-16T08:26:02","guid":{"rendered":"https:\/\/juliovilagrasa.com\/?p=479"},"modified":"2020-04-16T08:26:04","modified_gmt":"2020-04-16T08:26:04","slug":"extension-del-plazo-de-presentacion-e-ingreso-de-determinadas-declaraciones-y-autoliquidaciones","status":"publish","type":"post","link":"https:\/\/juliovilagrasa.com\/es\/2020\/04\/16\/extension-del-plazo-de-presentacion-e-ingreso-de-determinadas-declaraciones-y-autoliquidaciones\/","title":{"rendered":"Extensi\u00f3n del plazo de presentaci\u00f3n e ingreso de determinadas declaraciones y autoliquidaciones"},"content":{"rendered":"\n<p>El Bolet\u00edn Oficial del Estado ha publicado hoy el Real Decreto-Ley 14\/2020, de 14 de abril, por medio del cual se recoge la petici\u00f3n realizada por asociaciones empresariales, el colectivo de los trabajadores aut\u00f3nomos y el de profesionales del \u00e1mbito tributario, de extender el plazo de presentaci\u00f3n e ingreso de determinadas declaraciones y autoliquidaciones tributarias.\u00a0<\/p>\n\n\n\n<p>La extensi\u00f3n del plazo aprobada no abarca a todos los sujetos pasivos, sino que s\u00f3lo pueden acogerse a ella aquellos obligados tributarios con un <strong>volumen de operaciones no superior a los seiscientos mil (600.000) euros en el a\u00f1o 2019.\u00a0<\/strong><\/p>\n\n\n\n<p>Las declaraciones y autoliquidaciones que gozar\u00e1n de la extensi\u00f3n son todas aquellas que deban presentarse a partir de la entrada en vigor del Real Decreto-Ley, es decir, aquellas <strong>cuyo plazo de presentaci\u00f3n venza a partir del 15 de abril, que se aplazar\u00e1n hasta el pr\u00f3ximo 20 de mayo.\u00a0<\/strong><\/p>\n\n\n\n<p>Para todos aquellos contribuyentes que opten como forma de pago por la <strong>domiciliaci\u00f3n<\/strong>, el plazo de presentaci\u00f3n <strong>se extiende hasta el 15 de mayo de 2020<\/strong>. En estos casos, el cargo se efectuar\u00e1 el 20 de mayo de 2020.\u00a0<\/p>\n\n\n\n<p>Sin perjuicio de lo anterior, la extensi\u00f3n no resulta de aplicaci\u00f3n a los grupos siguientes:\u00a0<\/p>\n\n\n\n<ul><li>Los <strong>grupos fiscales<\/strong> que apliquen el <strong>r\u00e9gimen especial de consolidaci\u00f3n fiscal<\/strong> regulado en el cap\u00edtulo VI del t\u00edtulo VII de la Ley del Impuesto de Sociedades, con independencia del importe neto de su cifra de negocios.<\/li><li>Los <strong>grupos de entidades<\/strong> que tributen en el <strong>r\u00e9gimen especial de grupos de entidades del Impuesto sobre el Valor A\u00f1adido<\/strong>, regulado en el cap\u00edtulo IX, del t\u00edtulo IX de la Ley de dicho impuesto, y ello, con independencia de su volumen de operaciones.\u00a0<\/li><\/ul>\n\n\n\n<p>Los nuevos plazos de presentaci\u00f3n e ingreso tampoco son aplicables en relaci\u00f3n con la presentaci\u00f3n de declaraciones reguladas en el Reglamento (UE) n\u00famero 952\/2013 del Parlamento Europeo y del Consejo, de 9 de octubre de 2013, por el que se aprueba el <strong>C\u00f3digo Aduanero de la Uni\u00f3n<\/strong>.\u00a0<\/p>\n\n\n\n<p>Quedamos a vuestra disposici\u00f3n para cualquier duda o aclaraci\u00f3n al respecto.&nbsp;<\/p>\n\n\n\n<p>Saludos cordiales,&nbsp;<\/p>\n\n\n\n<h4>JULIO VILAGRASA Y ASOCIADOS&nbsp;<\/h4>\n","protected":false},"excerpt":{"rendered":"<p>El BOEstado recoge la petici\u00f3n realizada de extender el plazo de presentaci\u00f3n e ingreso de determinadas declaraciones y autoliquidaciones tributarias. <\/p>\n","protected":false},"author":2,"featured_media":0,"comment_status":"open","ping_status":"open","sticky":false,"template":"","format":"standard","meta":[],"categories":[22],"tags":[],"yoast_head":"<!-- This site is optimized with the Yoast SEO plugin v14.6.1 - https:\/\/yoast.com\/wordpress\/plugins\/seo\/ -->\n<title>Extensi\u00f3n del plazo de presentaci\u00f3n e ingreso de determinadas declaraciones y autoliquidaciones | Julio Vilagrasa<\/title>\n<meta name=\"description\" content=\"El BOEstado recoge la petici\u00f3n realizada de extender el plazo de presentaci\u00f3n e ingreso de determinadas declaraciones y autoliquidaciones tributarias.\" \/>\n<meta name=\"robots\" content=\"index, follow\" \/>\n<meta name=\"googlebot\" content=\"index, follow, max-snippet:-1, max-image-preview:large, max-video-preview:-1\" \/>\n<meta name=\"bingbot\" content=\"index, follow, max-snippet:-1, max-image-preview:large, max-video-preview:-1\" \/>\n<link rel=\"canonical\" href=\"https:\/\/juliovilagrasa.com\/es\/2020\/04\/16\/extension-del-plazo-de-presentacion-e-ingreso-de-determinadas-declaraciones-y-autoliquidaciones\/\" \/>\n<meta property=\"og:locale\" content=\"es_ES\" \/>\n<meta property=\"og:type\" content=\"article\" \/>\n<meta property=\"og:title\" content=\"Extensi\u00f3n del plazo de presentaci\u00f3n e ingreso de determinadas declaraciones y autoliquidaciones | Julio Vilagrasa\" \/>\n<meta property=\"og:description\" content=\"El BOEstado recoge la petici\u00f3n realizada de extender el plazo de presentaci\u00f3n e ingreso de determinadas declaraciones y autoliquidaciones tributarias.\" \/>\n<meta property=\"og:url\" content=\"https:\/\/juliovilagrasa.com\/es\/2020\/04\/16\/extension-del-plazo-de-presentacion-e-ingreso-de-determinadas-declaraciones-y-autoliquidaciones\/\" \/>\n<meta property=\"og:site_name\" content=\"Julio Vilagrasa\" \/>\n<meta property=\"article:published_time\" content=\"2020-04-16T08:26:02+00:00\" \/>\n<meta property=\"article:modified_time\" content=\"2020-04-16T08:26:04+00:00\" \/>\n<meta name=\"twitter:card\" content=\"summary_large_image\" \/>\n<script type=\"application\/ld+json\" class=\"yoast-schema-graph\">{\"@context\":\"https:\/\/schema.org\",\"@graph\":[{\"@type\":\"Organization\",\"@id\":\"https:\/\/juliovilagrasa.com\/es\/#organization\",\"name\":\"Julio Vilagrasa y asociados\",\"url\":\"https:\/\/juliovilagrasa.com\/es\/\",\"sameAs\":[\"https:\/\/www.linkedin.com\/company\/vilagrasa-asociados\/about\/\"],\"logo\":{\"@type\":\"ImageObject\",\"@id\":\"https:\/\/juliovilagrasa.com\/es\/#logo\",\"inLanguage\":\"es\",\"url\":\"https:\/\/juliovilagrasa.com\/wp-content\/uploads\/2020\/03\/Julio-Vilagrasa-y-asociados.png\",\"width\":900,\"height\":238,\"caption\":\"Julio Vilagrasa y asociados\"},\"image\":{\"@id\":\"https:\/\/juliovilagrasa.com\/es\/#logo\"}},{\"@type\":\"WebSite\",\"@id\":\"https:\/\/juliovilagrasa.com\/es\/#website\",\"url\":\"https:\/\/juliovilagrasa.com\/es\/\",\"name\":\"Julio Vilagrasa y asociados\",\"description\":\"Advocats i Economistes\",\"publisher\":{\"@id\":\"https:\/\/juliovilagrasa.com\/es\/#organization\"},\"potentialAction\":[{\"@type\":\"SearchAction\",\"target\":\"https:\/\/juliovilagrasa.com\/es\/?s={search_term_string}\",\"query-input\":\"required name=search_term_string\"}],\"inLanguage\":\"es\"},{\"@type\":\"WebPage\",\"@id\":\"https:\/\/juliovilagrasa.com\/es\/2020\/04\/16\/extension-del-plazo-de-presentacion-e-ingreso-de-determinadas-declaraciones-y-autoliquidaciones\/#webpage\",\"url\":\"https:\/\/juliovilagrasa.com\/es\/2020\/04\/16\/extension-del-plazo-de-presentacion-e-ingreso-de-determinadas-declaraciones-y-autoliquidaciones\/\",\"name\":\"Extensi\\u00f3n del plazo de presentaci\\u00f3n e ingreso de determinadas declaraciones y autoliquidaciones | Julio Vilagrasa\",\"isPartOf\":{\"@id\":\"https:\/\/juliovilagrasa.com\/es\/#website\"},\"datePublished\":\"2020-04-16T08:26:02+00:00\",\"dateModified\":\"2020-04-16T08:26:04+00:00\",\"description\":\"El BOEstado recoge la petici\\u00f3n realizada de extender el plazo de presentaci\\u00f3n e ingreso de determinadas declaraciones y autoliquidaciones tributarias.\",\"inLanguage\":\"es\",\"potentialAction\":[{\"@type\":\"ReadAction\",\"target\":[\"https:\/\/juliovilagrasa.com\/es\/2020\/04\/16\/extension-del-plazo-de-presentacion-e-ingreso-de-determinadas-declaraciones-y-autoliquidaciones\/\"]}]},{\"@type\":\"Article\",\"@id\":\"https:\/\/juliovilagrasa.com\/es\/2020\/04\/16\/extension-del-plazo-de-presentacion-e-ingreso-de-determinadas-declaraciones-y-autoliquidaciones\/#article\",\"isPartOf\":{\"@id\":\"https:\/\/juliovilagrasa.com\/es\/2020\/04\/16\/extension-del-plazo-de-presentacion-e-ingreso-de-determinadas-declaraciones-y-autoliquidaciones\/#webpage\"},\"author\":{\"@id\":\"https:\/\/juliovilagrasa.com\/es\/#\/schema\/person\/64b9bf20c9c096163e15cf61a00f69ef\"},\"headline\":\"Extensi\\u00f3n del plazo de presentaci\\u00f3n e ingreso de determinadas declaraciones y autoliquidaciones\",\"datePublished\":\"2020-04-16T08:26:02+00:00\",\"dateModified\":\"2020-04-16T08:26:04+00:00\",\"mainEntityOfPage\":{\"@id\":\"https:\/\/juliovilagrasa.com\/es\/2020\/04\/16\/extension-del-plazo-de-presentacion-e-ingreso-de-determinadas-declaraciones-y-autoliquidaciones\/#webpage\"},\"commentCount\":0,\"publisher\":{\"@id\":\"https:\/\/juliovilagrasa.com\/es\/#organization\"},\"articleSection\":\"Estat d'alarma COVID-19\",\"inLanguage\":\"es\",\"potentialAction\":[{\"@type\":\"CommentAction\",\"name\":\"Comment\",\"target\":[\"https:\/\/juliovilagrasa.com\/es\/2020\/04\/16\/extension-del-plazo-de-presentacion-e-ingreso-de-determinadas-declaraciones-y-autoliquidaciones\/#respond\"]}]},{\"@type\":[\"Person\"],\"@id\":\"https:\/\/juliovilagrasa.com\/es\/#\/schema\/person\/64b9bf20c9c096163e15cf61a00f69ef\",\"name\":\"juliovilagrasa\",\"image\":{\"@type\":\"ImageObject\",\"@id\":\"https:\/\/juliovilagrasa.com\/es\/#personlogo\",\"inLanguage\":\"es\",\"url\":\"http:\/\/2.gravatar.com\/avatar\/bdda4718155f8215ce9e4901102381f9?s=96&d=mm&r=g\",\"caption\":\"juliovilagrasa\"}}]}<\/script>\n<!-- \/ Yoast SEO plugin. -->","_links":{"self":[{"href":"https:\/\/juliovilagrasa.com\/es\/wp-json\/wp\/v2\/posts\/479"}],"collection":[{"href":"https:\/\/juliovilagrasa.com\/es\/wp-json\/wp\/v2\/posts"}],"about":[{"href":"https:\/\/juliovilagrasa.com\/es\/wp-json\/wp\/v2\/types\/post"}],"author":[{"embeddable":true,"href":"https:\/\/juliovilagrasa.com\/es\/wp-json\/wp\/v2\/users\/2"}],"replies":[{"embeddable":true,"href":"https:\/\/juliovilagrasa.com\/es\/wp-json\/wp\/v2\/comments?post=479"}],"version-history":[{"count":1,"href":"https:\/\/juliovilagrasa.com\/es\/wp-json\/wp\/v2\/posts\/479\/revisions"}],"predecessor-version":[{"id":484,"href":"https:\/\/juliovilagrasa.com\/es\/wp-json\/wp\/v2\/posts\/479\/revisions\/484"}],"wp:attachment":[{"href":"https:\/\/juliovilagrasa.com\/es\/wp-json\/wp\/v2\/media?parent=479"}],"wp:term":[{"taxonomy":"category","embeddable":true,"href":"https:\/\/juliovilagrasa.com\/es\/wp-json\/wp\/v2\/categories?post=479"},{"taxonomy":"post_tag","embeddable":true,"href":"https:\/\/juliovilagrasa.com\/es\/wp-json\/wp\/v2\/tags?post=479"}],"curies":[{"name":"wp","href":"https:\/\/api.w.org\/{rel}","templated":true}]}}