{"id":494,"date":"2020-04-23T08:29:50","date_gmt":"2020-04-23T08:29:50","guid":{"rendered":"https:\/\/juliovilagrasa.com\/2020\/04\/23\/mesures-tributaries-complementaries-per-a-donar-suport-a-leconomia-i-locupacio\/"},"modified":"2020-04-23T08:35:33","modified_gmt":"2020-04-23T08:35:33","slug":"medidas-tributarias-complementarias-para-apoyar-la-economia-y-el-empleo","status":"publish","type":"post","link":"https:\/\/juliovilagrasa.com\/es\/2020\/04\/23\/medidas-tributarias-complementarias-para-apoyar-la-economia-y-el-empleo\/","title":{"rendered":"MEDIDAS TRIBUTARIAS COMPLEMENTARIAS PARA APOYAR LA ECONOM\u00cdA Y EL EMPLEO"},"content":{"rendered":"\n<p>El Bolet\u00edn Oficial del Estado ha publicado el Real Decreto-ley 15\/2020, de 22 de abril, por medio del cual se regulan diferentes medidas dirigidas a la mejora de la financiaci\u00f3n de las empresas, en el \u00e1mbito fiscal, socio- econ\u00f3mico y del empleo entre otros. Centraremos esta Nota en los aspectos que afectan a <strong>empresas y trabajadores aut\u00f3nomos en el \u00e1mbito tributario.\u00a0<\/strong><\/p>\n\n\n\n<h2>I.- Opci\u00f3n extraordinaria por la modalidad de pagos fraccionados del Impuesto sobre Sociedades.&nbsp;<\/h2>\n\n\n\n<p>El Real Decreto-Ley permite a los sujetos pasivos del Impuesto de Sociedades, con <strong>un volumen de operaciones no superior a los 600.000 euros en el a\u00f1o 2019<\/strong>, la posibilidad de ejercitar la opci\u00f3n extraordinaria por la modalidad de <strong>pago fraccionado<\/strong> prevista en el apartado 3 del art\u00edculo 40 de la Ley 27\/2014, de 27 de noviembre, del Impuesto sobre Sociedades, es decir, tomando como referencia la facturaci\u00f3n del a\u00f1o en curso.\u00a0<\/p>\n\n\n\n<p>Aquellos contribuyentes que hayan iniciado la actividad a partir del 1 de enero de 2020 y que, por tanto, no puedan acreditar operaciones realizadas en el ejercicio 2019, podr\u00e1n ejercitar la opci\u00f3n prevista anteriormente en el segundo pago fraccionado (que corresponder\u00e1 a los 20 primeros d\u00edas de octubre de 2020).&nbsp;<\/p>\n\n\n\n<p>Por otra parte, el pago fraccionado efectuado en los 20 d\u00edas naturales del mes de abril de 2020 ser\u00e1 deducible de la cuota del resto de pagos fraccionados que se efect\u00faen a cuenta del mismo per\u00edodo impositivo determinados con arreglo a la opci\u00f3n prevista en el primer p\u00e1rrafo anterior.&nbsp;<\/p>\n\n\n\n<p>Lo dispuesto en este apartado no resultar\u00e1 de aplicaci\u00f3n a los grupos fiscales que apliquen el r\u00e9gimen especial de consolidaci\u00f3n fiscal regulado en el cap\u00edtulo VI del t\u00edtulo VII de la Ley 27\/2014, de 27 de noviembre, del Impuesto sobre Sociedades.&nbsp;<\/p>\n\n\n\n<p>Los sujetos pasivos que ejerciten esta opci\u00f3n, quedar\u00e1n vinculados a esta modalidad de pago fraccionado, exclusivamente, respecto de los pagos correspondientes al mismo periodo impositivo.&nbsp;<\/p>\n\n\n\n<h2>II. Limitaci\u00f3n de los efectos temporales de la renuncia t\u00e1cita al m\u00e9todo de estimaci\u00f3n objetiva en el ejercicio 2020.&nbsp;<\/h2>\n\n\n\n<p>Se establece la posibilidad a lo sujetos pasivos del Impuesto sobre la Renta de las Personas F\u00edsicas que desarrollen actividades econ\u00f3micas cuyo rendimiento neto se determine con arreglo al <strong>m\u00e9todo de estimaci\u00f3n objetiva<\/strong>, a que puedan, en el plazo para la presentaci\u00f3n del pago fraccionado correspondiente al primer trimestre del ejercicio 2020, renunciar a la aplicaci\u00f3n del\u00a0mismo y, consiguientemente determinar su rendimiento por la modalidad simplificada del m\u00e9todo de estimaci\u00f3n directa.\u00a0<\/p>\n\n\n\n<p>Para el ejercicio 2021, los contribuyentes por dicho Impuesto, podr\u00e1n volver a determinar el rendimiento neto de su actividad econ\u00f3mica con arreglo al m\u00e9todo de estimaci\u00f3n objetiva, siempre que cumplan los requisitos para su aplicaci\u00f3n y revoquen la renuncia al m\u00e9todo de estimaci\u00f3n objetiva en el plazo previsto en la letra a) del apartado 1 del art\u00edculo 33 del Reglamento del Impuesto, o mediante la presentaci\u00f3n en plazo de la declaraci\u00f3n correspondiente al pago fraccionado del primer trimestre del ejercicio 2021 en la forma dispuesta para el m\u00e9todo de estimaci\u00f3n objetiva.&nbsp;<\/p>\n\n\n\n<p>La renuncia al m\u00e9todo de estimaci\u00f3n objetiva en el Impuesto sobre la Renta de las Personas F\u00edsicas y la posterior revocaci\u00f3n previstas en el p\u00e1rrafo anterior tendr\u00e1n los mismos efectos respecto de los reg\u00edmenes especiales establecidos en el Impuesto sobre el Valor A\u00f1adido o en el Impuesto General Indirecto Canario.&nbsp;<\/p>\n\n\n\n<h2>III.- C\u00e1lculo de los pagos fraccionados en el m\u00e9todo de estimaci\u00f3n objetiva del Impuesto sobre la Renta de las Personas F\u00edsicas y de la cuota trimestral del r\u00e9gimen simplificado del Impuesto sobre el Valor A\u00f1adido como consecuencia del estado de alarma declarado en el per\u00edodo impositivo 2020.&nbsp;<\/h2>\n\n\n\n<p>Los contribuyentes del Impuesto sobre la Renta de las Personas F\u00edsicas que desarrollen actividades econ\u00f3micas incluidas en el anexo II de la Orden HAC\/1164\/2019, de 22 de noviembre, por la que se desarrollan para el a\u00f1o 2020 el m\u00e9todo de estimaci\u00f3n objetiva del Impuesto sobre la Renta de las Personas F\u00edsicas y el r\u00e9gimen especial simplificado del Impuesto sobre el Valor A\u00f1adido, y determinen el rendimiento neto de aquellas por el m\u00e9todo de estimaci\u00f3n objetiva, para el c\u00e1lculo de la cantidad a ingresar del pago fraccionado en funci\u00f3n de los datos-base a que se refiere la letra b) del apartado 1 del art\u00edculo 110 del Reglamento del Impuesto sobre la Renta de las Personas F\u00edsicas, aprobado por el Real Decreto 439\/2007, de 30 de marzo, <strong>no computar\u00e1n<\/strong>, en cada trimestre natural, como d\u00edas de ejercicio de la actividad, <strong>los d\u00edas naturales en los que hubiera estado declarado el estado de alarma<\/strong> en dicho trimestre.\u00a0<\/p>\n\n\n\n<p>Asimismo, los sujetos pasivos del Impuesto sobre el Valor A\u00f1adido que desarrollen actividades empresariales o profesionales incluidas en el anexo II de la Orden HAC\/1164\/2019, de 22 de noviembre, por la que se desarrollan para el a\u00f1o 2020 el m\u00e9todo de estimaci\u00f3n objetiva del Impuesto sobre la Renta de las Personas F\u00edsicas y el r\u00e9gimen especial simplificado del Impuesto sobre el Valor A\u00f1adido y est\u00e9n acogidos al r\u00e9gimen especial simplificado, para el c\u00e1lculo del ingreso a cuenta en el a\u00f1o 2020, a que se refiere el art\u00edculo 39 del Reglamento del Impuesto sobre el Valor A\u00f1adido, aprobado por el Real Decreto 1624\/1992, de 29 de diciembre, <strong>no computar\u00e1n<\/strong>, en cada trimestre natural, como d\u00edas de ejercicio de la actividad, <strong>los d\u00edas naturales en los que hubiera estado declarado el estado de alarma <\/strong>en dicho trimestre.\u00a0<\/p>\n\n\n\n<h2>IV.- No inicio del per\u00edodo ejecutivo para determinadas deudas tributarias en el caso de concesi\u00f3n de financiaci\u00f3n por parte de entidades financieras con la cobertura de avales estatales prevista en el Real Decreto-ley 8\/2020, de 17 de marzo, de medidas urgentes extraordinarias para hacer frente al impacto econ\u00f3mico y social del COVID-19.&nbsp;<\/h2>\n\n\n\n<p>En las declaraciones-liquidaciones y las autoliquidaciones presentadas por un contribuyente en el plazo previsto sin efectuar el ingreso correspondiente a las deudas tributarias resultantes de las mismas, <strong>no se iniciar\u00e1 el periodo ejecutivo <\/strong>cuando se cumplan los siguientes requisitos:\u00a0<\/p>\n\n\n\n<ul><li>Que el contribuyente haya solicitado dentro del plazo mencionado en el primer p\u00e1rrafo, o anteriormente a su comienzo, la financiaci\u00f3n a que se refiere el art\u00edculo 29 del Real Decreto-ley 8\/2020, de 17 de marzo, de medidas urgentes extraordinarias para hacer frente al impacto econ\u00f3mico y social del COVID-19, para el pago de las deudas tributarias resultantes de dichas declaraciones-liquidaciones y autoliquidaciones y por, al menos, el importe de dichas deudas.\u00a0<\/li><li>Que el obligado tributario aporte a la Administraci\u00f3n Tributaria hasta el plazo m\u00e1ximo de cinco d\u00edas desde el fin del plazo de presentaci\u00f3n de la declaraci\u00f3n-liquidaci\u00f3n o autoliquidaci\u00f3n, un certificado expedido por la entidad financiera acreditativo de haberse efectuado la solicitud de financiaci\u00f3n incluyendo el importe y las deudas tributarias objeto de la misma.\u00a0<\/li><li>Que dicha solicitud de financiaci\u00f3n sea concedida en, al menos, el importe de las deudas mencionadas.\u00a0<\/li><li>Que las deudas se satisfagan efectiva, completa e inmediatamente en el momento de la concesi\u00f3n de la financiaci\u00f3n. Se entender\u00e1 incumplido este requisito por la falta de ingreso de las deudas transcurrido el plazo de un mes desde que hubiese finalizado el plazo mencionado en el primer p\u00e1rrafo de este apartado.\u00a0<\/li><\/ul>\n\n\n\n<p>La regulaci\u00f3n comentada, ser\u00e1 de aplicaci\u00f3n a las declaraciones-liquidaciones y autoliquidaciones cuyo plazo de presentaci\u00f3n concluya entre el 20 de abril de 2020 y el 30 de mayo de 2020.&nbsp;<\/p>\n\n\n\n<p>Quedamos a vuestra disposici\u00f3n para cualquier duda o aclaraci\u00f3n al respecto.&nbsp;<\/p>\n\n\n\n<p>Saludos cordiales,&nbsp;<\/p>\n\n\n\n<h4>JULIO VILAGRASA Y ASOCIADOS&nbsp;<\/h4>\n","protected":false},"excerpt":{"rendered":"<p>Centraremos esta Nota en los aspectos que afectan a empresas y trabajadores aut\u00f3nomos en el \u00e1mbito tributario.<\/p>\n","protected":false},"author":2,"featured_media":0,"comment_status":"open","ping_status":"open","sticky":false,"template":"","format":"standard","meta":[],"categories":[23],"tags":[],"yoast_head":"<!-- This site is optimized with the Yoast SEO plugin v14.6.1 - https:\/\/yoast.com\/wordpress\/plugins\/seo\/ -->\n<title>MEDIDAS TRIBUTARIAS COMPLEMENTARIAS PARA APOYAR LA ECONOM\u00cdA Y EL EMPLEO | Julio Vilagrasa<\/title>\n<meta name=\"description\" content=\"Centraremos esta Nota en los aspectos que afectan a empresas y trabajadores aut\u00f3nomos en el \u00e1mbito tributario.\" \/>\n<meta name=\"robots\" content=\"index, follow\" \/>\n<meta name=\"googlebot\" content=\"index, follow, max-snippet:-1, max-image-preview:large, max-video-preview:-1\" \/>\n<meta name=\"bingbot\" content=\"index, follow, max-snippet:-1, max-image-preview:large, max-video-preview:-1\" \/>\n<link rel=\"canonical\" href=\"https:\/\/juliovilagrasa.com\/es\/2020\/04\/23\/medidas-tributarias-complementarias-para-apoyar-la-economia-y-el-empleo\/\" \/>\n<meta property=\"og:locale\" content=\"es_ES\" \/>\n<meta property=\"og:type\" content=\"article\" \/>\n<meta property=\"og:title\" content=\"MEDIDAS TRIBUTARIAS COMPLEMENTARIAS PARA APOYAR LA ECONOM\u00cdA Y EL EMPLEO | Julio Vilagrasa\" \/>\n<meta property=\"og:description\" content=\"Centraremos esta Nota en los aspectos que afectan a empresas y trabajadores aut\u00f3nomos en el \u00e1mbito tributario.\" \/>\n<meta property=\"og:url\" content=\"https:\/\/juliovilagrasa.com\/es\/2020\/04\/23\/medidas-tributarias-complementarias-para-apoyar-la-economia-y-el-empleo\/\" \/>\n<meta property=\"og:site_name\" content=\"Julio Vilagrasa\" \/>\n<meta property=\"article:published_time\" content=\"2020-04-23T08:29:50+00:00\" \/>\n<meta property=\"article:modified_time\" content=\"2020-04-23T08:35:33+00:00\" \/>\n<meta name=\"twitter:card\" content=\"summary_large_image\" \/>\n<script type=\"application\/ld+json\" class=\"yoast-schema-graph\">{\"@context\":\"https:\/\/schema.org\",\"@graph\":[{\"@type\":\"Organization\",\"@id\":\"https:\/\/juliovilagrasa.com\/es\/#organization\",\"name\":\"Julio Vilagrasa y asociados\",\"url\":\"https:\/\/juliovilagrasa.com\/es\/\",\"sameAs\":[\"https:\/\/www.linkedin.com\/company\/vilagrasa-asociados\/about\/\"],\"logo\":{\"@type\":\"ImageObject\",\"@id\":\"https:\/\/juliovilagrasa.com\/es\/#logo\",\"inLanguage\":\"es\",\"url\":\"https:\/\/juliovilagrasa.com\/wp-content\/uploads\/2020\/03\/Julio-Vilagrasa-y-asociados.png\",\"width\":900,\"height\":238,\"caption\":\"Julio Vilagrasa y asociados\"},\"image\":{\"@id\":\"https:\/\/juliovilagrasa.com\/es\/#logo\"}},{\"@type\":\"WebSite\",\"@id\":\"https:\/\/juliovilagrasa.com\/es\/#website\",\"url\":\"https:\/\/juliovilagrasa.com\/es\/\",\"name\":\"Julio Vilagrasa y asociados\",\"description\":\"Advocats i Economistes\",\"publisher\":{\"@id\":\"https:\/\/juliovilagrasa.com\/es\/#organization\"},\"potentialAction\":[{\"@type\":\"SearchAction\",\"target\":\"https:\/\/juliovilagrasa.com\/es\/?s={search_term_string}\",\"query-input\":\"required name=search_term_string\"}],\"inLanguage\":\"es\"},{\"@type\":\"WebPage\",\"@id\":\"https:\/\/juliovilagrasa.com\/es\/2020\/04\/23\/medidas-tributarias-complementarias-para-apoyar-la-economia-y-el-empleo\/#webpage\",\"url\":\"https:\/\/juliovilagrasa.com\/es\/2020\/04\/23\/medidas-tributarias-complementarias-para-apoyar-la-economia-y-el-empleo\/\",\"name\":\"MEDIDAS TRIBUTARIAS COMPLEMENTARIAS PARA APOYAR LA ECONOM\\u00cdA Y EL EMPLEO | Julio Vilagrasa\",\"isPartOf\":{\"@id\":\"https:\/\/juliovilagrasa.com\/es\/#website\"},\"datePublished\":\"2020-04-23T08:29:50+00:00\",\"dateModified\":\"2020-04-23T08:35:33+00:00\",\"description\":\"Centraremos esta Nota en los aspectos que afectan a empresas y trabajadores aut\\u00f3nomos en el \\u00e1mbito tributario.\",\"inLanguage\":\"es\",\"potentialAction\":[{\"@type\":\"ReadAction\",\"target\":[\"https:\/\/juliovilagrasa.com\/es\/2020\/04\/23\/medidas-tributarias-complementarias-para-apoyar-la-economia-y-el-empleo\/\"]}]},{\"@type\":\"Article\",\"@id\":\"https:\/\/juliovilagrasa.com\/es\/2020\/04\/23\/medidas-tributarias-complementarias-para-apoyar-la-economia-y-el-empleo\/#article\",\"isPartOf\":{\"@id\":\"https:\/\/juliovilagrasa.com\/es\/2020\/04\/23\/medidas-tributarias-complementarias-para-apoyar-la-economia-y-el-empleo\/#webpage\"},\"author\":{\"@id\":\"https:\/\/juliovilagrasa.com\/es\/#\/schema\/person\/64b9bf20c9c096163e15cf61a00f69ef\"},\"headline\":\"MEDIDAS TRIBUTARIAS COMPLEMENTARIAS PARA APOYAR LA ECONOM\\u00cdA Y EL EMPLEO\",\"datePublished\":\"2020-04-23T08:29:50+00:00\",\"dateModified\":\"2020-04-23T08:35:33+00:00\",\"mainEntityOfPage\":{\"@id\":\"https:\/\/juliovilagrasa.com\/es\/2020\/04\/23\/medidas-tributarias-complementarias-para-apoyar-la-economia-y-el-empleo\/#webpage\"},\"commentCount\":0,\"publisher\":{\"@id\":\"https:\/\/juliovilagrasa.com\/es\/#organization\"},\"articleSection\":\"Estado de alarma COVID-19\",\"inLanguage\":\"es\",\"potentialAction\":[{\"@type\":\"CommentAction\",\"name\":\"Comment\",\"target\":[\"https:\/\/juliovilagrasa.com\/es\/2020\/04\/23\/medidas-tributarias-complementarias-para-apoyar-la-economia-y-el-empleo\/#respond\"]}]},{\"@type\":[\"Person\"],\"@id\":\"https:\/\/juliovilagrasa.com\/es\/#\/schema\/person\/64b9bf20c9c096163e15cf61a00f69ef\",\"name\":\"juliovilagrasa\",\"image\":{\"@type\":\"ImageObject\",\"@id\":\"https:\/\/juliovilagrasa.com\/es\/#personlogo\",\"inLanguage\":\"es\",\"url\":\"http:\/\/2.gravatar.com\/avatar\/bdda4718155f8215ce9e4901102381f9?s=96&d=mm&r=g\",\"caption\":\"juliovilagrasa\"}}]}<\/script>\n<!-- \/ Yoast SEO plugin. -->","_links":{"self":[{"href":"https:\/\/juliovilagrasa.com\/es\/wp-json\/wp\/v2\/posts\/494"}],"collection":[{"href":"https:\/\/juliovilagrasa.com\/es\/wp-json\/wp\/v2\/posts"}],"about":[{"href":"https:\/\/juliovilagrasa.com\/es\/wp-json\/wp\/v2\/types\/post"}],"author":[{"embeddable":true,"href":"https:\/\/juliovilagrasa.com\/es\/wp-json\/wp\/v2\/users\/2"}],"replies":[{"embeddable":true,"href":"https:\/\/juliovilagrasa.com\/es\/wp-json\/wp\/v2\/comments?post=494"}],"version-history":[{"count":1,"href":"https:\/\/juliovilagrasa.com\/es\/wp-json\/wp\/v2\/posts\/494\/revisions"}],"predecessor-version":[{"id":495,"href":"https:\/\/juliovilagrasa.com\/es\/wp-json\/wp\/v2\/posts\/494\/revisions\/495"}],"wp:attachment":[{"href":"https:\/\/juliovilagrasa.com\/es\/wp-json\/wp\/v2\/media?parent=494"}],"wp:term":[{"taxonomy":"category","embeddable":true,"href":"https:\/\/juliovilagrasa.com\/es\/wp-json\/wp\/v2\/categories?post=494"},{"taxonomy":"post_tag","embeddable":true,"href":"https:\/\/juliovilagrasa.com\/es\/wp-json\/wp\/v2\/tags?post=494"}],"curies":[{"name":"wp","href":"https:\/\/api.w.org\/{rel}","templated":true}]}}