{"id":542,"date":"2020-05-22T10:16:17","date_gmt":"2020-05-22T10:16:17","guid":{"rendered":"https:\/\/juliovilagrasa.com\/2020\/05\/22\/disposicions-dultima-voluntat-amb-caracter-unipersonal-el-testament-i-altres-disposicions-dultima-voluntat-complementaries\/"},"modified":"2020-05-22T10:24:42","modified_gmt":"2020-05-22T10:24:42","slug":"disposiciones-de-ultima-voluntad-con-caracter-unipersonal-el-testamento-y-otras-disposiciones-de-ultima-voluntad-complementarias","status":"publish","type":"post","link":"https:\/\/juliovilagrasa.com\/es\/2020\/05\/22\/disposiciones-de-ultima-voluntad-con-caracter-unipersonal-el-testamento-y-otras-disposiciones-de-ultima-voluntad-complementarias\/","title":{"rendered":"DISPOSICIONES DE \u00daLTIMA VOLUNTAD CON CAR\u00c1CTER UNIPERSONAL. EL TESTAMENTO Y OTRAS DISPOSICIONES DE \u00daLTIMA VOLUNTAD COMPLEMENTARIAS."},"content":{"rendered":"\n<p>Cuando hace unos meses os animamos a compartir estas Notas Informativas de \u201cconfinamiento\u201d y sus tem\u00e1ticas, no llegamos a imaginar que reflejar\u00edan en gran medida preocupaciones derivadas del fulgurante momento social en el que surgir\u00edan. Poco a poco, comenzamos a alternar las centradas en Reales Decretos-Ley con algunas relativas a aquellos asuntos que empezaban a generar inquietudes prioritarias en torno al futuro de nuestros negocios y patrimonios. Y es que el instinto protector, por naturaleza, nos lleva a todos a reaccionar ante situaciones que pueden quebrar nuestra certeza o seguridad.\u00a0<\/p>\n\n\n\n<p>Bajo esta premisa nos hemos referido en diversas ocasiones al cuidado del patrimonio empresarial, pero, como bien apuntabais algunos de vosotros, la preocupaci\u00f3n puede resultar, si cabe, mayor, cuando se trata de <strong>planificar nuestra situaci\u00f3n patrimonial personal, o de reordenar la ya existente<\/strong>. En ello centramos de forma breve la Nota de hoy, en concreto, en los principales aspectos a conocer cuando contemplamos testar<sup>1<\/sup>.<\/p>\n\n\n\n<h2>I. Tipos de sucesi\u00f3n.\u00a0<\/h2>\n\n\n\n<p>La sucesi\u00f3n de una persona puede iniciarse por distintas v\u00edas, en funci\u00f3n de si test\u00f3 o no.\u00a0<\/p>\n\n\n\n<p>El fallecimiento determina la apertura de la herencia. En ese momento, es necesario determinar si el fallecido ha otorgado testamento o no. En el supuesto de que la respuesta sea negativa, se abre la llamada <strong>sucesi\u00f3n intestada.\u00a0<\/strong><\/p>\n\n\n\n<p>La falta de testamento comporta que no exista heredero designado por el causante, requisito imprescindible en nuestra legislaci\u00f3n foral, a excepci\u00f3n de casos muy concretos, por lo que es la propia ley la que, atendiendo a las circunstancias familiares del finado, determina la persona o personas que tienen derecho a sucederle.\u00a0<\/p>\n\n\n\n<p>Por otro lado, si el causante dispuso su \u00faltima voluntad en testamento, se abre la sucesi\u00f3n testada, que se rige, principalmente, por la voluntad del causante, manifestada en virtud de las cl\u00e1usulas establecidas al efecto en el testamento.&nbsp;<\/p>\n\n\n\n<p>La ley prev\u00e9 que pueden testar todas las personas que tienen capacidad para hacerlo, presumiendo que no existe dicha circunstancia cuando la persona es menor de catorce (14) a\u00f1os o no tiene capacidad natural (incapacidad temporal, indefinida, ya sea declarada judicialmente o no) para testar.&nbsp;<\/p>\n\n\n\n<h2>II. Tipos de testamento en Catalu\u00f1a\u00a0.\u00a0<\/h2>\n\n\n\n<p>En Catalu\u00f1a, la normativa sucesoria prev\u00e9 tres tipos de testamentos:\u00a0<\/p>\n\n\n\n<ul><li><a href=\"#to\">El testamento abierto.<\/a>\u00a0<\/li><li><a href=\"#tt\">El testamento cerrado.<\/a>\u00a0<\/li><li><a href=\"#th\">El testamento hol\u00f3grafo<\/a>.\u00a0<\/li><\/ul>\n\n\n\n<p>En virtud de cualquiera de los testamentos anteriores, el testador puede planificar y ordenar su sucesi\u00f3n mediante la instituci\u00f3n de uno o m\u00e1s herederos (<em>sucesores universales<\/em>), la disposici\u00f3n de legados (<em>disposiciones particulares o concretas de bienes y derechos<\/em>), la previsi\u00f3n de sustituciones que persigan que todos o parte de los bienes del caudal relicto pasen a unas personas determinadas, la designaci\u00f3n de albaceas o administradores de los bienes y, en general, cualquier disposici\u00f3n que plasme la voluntad del testador.&nbsp;<\/p>\n\n\n\n<p>Por otra parte, el testamento, al igual que otras disposiciones de \u00faltima voluntad, es el instrumento id\u00f3neo no s\u00f3lo para la ordenaci\u00f3n futura de la partici\u00f3n del patrimonio del testador entre sus beneficiarios, sino tambi\u00e9n para una \u00f3ptima planificaci\u00f3n fiscal de la misma &#8211; muy recomendable en algunos casos-, puesto que, estudiada con mesura y combinada, en ocasiones, con otros actos o negocios \u201c<em>inter vivos\u201d<\/em>, puede mitigar el impacto fiscal de las voluntades otorgadas.&nbsp;<\/p>\n\n\n\n<h3 id=\"to\">(i) El testamento abierto.\u00a0<\/h3>\n\n\n\n<p>El testamento abierto debe indicar el lugar, fecha y hora de otorgamiento del mismo y <strong>refleja en escritura p\u00fablica la voluntad del testador<\/strong>. Si bien lo aconsejable es su previa preparaci\u00f3n y redacci\u00f3n con los asesores oportunos, tambi\u00e9n es posible manifestar la voluntad al Notario de palabra, para que \u00e9ste la refleje en la escritura correspondiente, de conformidad con dicha voluntad del testador.\u00a0<\/p>\n\n\n\n<h3 class=\"tt\">(ii) El testamento cerrado.<\/h3>\n\n\n\n<p>Este tipo de testamento lo redacta el testador, con independencia de su edad o capacidad, de <strong>forma aut\u00f3grafa<\/strong>, en braille o por otros medios t\u00e9cnicos, debiendo expresar el lugar y fecha de otorgamiento y <strong>firm\u00e1ndolo en todas sus hojas<\/strong> y al final del testamento, una vez salvadas las palabras enmendadas, tachadas, a\u00f1adidas o entre l\u00edneas.\u00a0<\/p>\n\n\n\n<p>En el supuesto de que el testamento se redacte en soporte electr\u00f3nico, debe firmarse con firma electr\u00f3nica.&nbsp;<\/p>\n\n\n\n<p>La ley permite que otra persona, a ruego del testador, pueda redactar el testamento, debiendo hacerse constar esta circunstancia y la identificaci\u00f3n de dicha persona en el documento.&nbsp;<\/p>\n\n\n\n<p>Una vez redactado y firmado, el testamento debe introducirse en una <strong>cubierta cerrada<\/strong> -un sobre por ejemplo-, de modo que no pueda extraerse sin rasgarla.\u00a0<\/p>\n\n\n\n<p>El testamento cerrado debe ser autorizado posteriormente por Notario.&nbsp;<\/p>\n\n\n\n<h3 class=\"th\">(iii) El testamento hol\u00f3grafo.\u00a0<\/h3>\n\n\n\n<p>A diferencia de la capacidad general para testar referida anteriormente, el testamento hol\u00f3grafo s\u00f3lo puede ser otorgado por personas <strong>mayores de edad y menores emancipados<\/strong>.\u00a0<\/p>\n\n\n\n<p>Debe redactarse y firmarse de manera <strong>aut\u00f3grafa<\/strong>, con indicaci\u00f3n de la fecha y lugar de otorgamiento.\u00a0<\/p>\n\n\n\n<p>Al igual que el testamento cerrado, toda palabra tachada, enmendada o a\u00f1adida o entre l\u00edneas debe salvarse por el testador con su firma.&nbsp;<\/p>\n\n\n\n<p>El testamento hol\u00f3grafo <strong>debe presentarse por los interesados (beneficiarios) ante Notario<\/strong> para su adveraci\u00f3n y protocolizaci\u00f3n, en el plazo m\u00e1ximo de cuatro a\u00f1os a contar desde la fecha de fallecimiento del testador.\u00a0<\/p>\n\n\n\n<h2>III.- Disposiciones complementarias.\u00a0<\/h2>\n\n\n\n<p>Adem\u00e1s de los testamentos relacionados, la ley prev\u00e9 otras disposiciones de \u00faltima voluntad, tales como el codicilo o la memoria testamentaria, que pueden complementar, aclarar o modificar los testamentos que se hubieren otorgado.\u00a0<\/p>\n\n\n\n<h3>(i) El codicilo.\u00a0<\/h3>\n\n\n\n<p>Es un claro instrumento sucesorio por medio del cual se puede <strong>complementar o modificar un testamento, sin necesidad del otorgamiento<\/strong> de otro testamento que modifique y revoque el anterior.\u00a0<\/p>\n\n\n\n<p>En virtud del codicilo el otorgante puede:&nbsp;<\/p>\n\n\n\n<ul><li>Disponer de los bienes reservados en heredamiento.\u00a0<\/li><li>Adicionar alguna cosa al testamento previamente otorgado.\u00a0<\/li><li>Reformar parcialmente el testamento.\u00a0<\/li><li>Si no existe testamento previo, dictar disposiciones sucesorias a cargo de los herederos intestados.\u00a0<\/li><\/ul>\n\n\n\n<p>En el codicilo no puede instituirse o excluirse la condici\u00f3n de heredero, ni revocarse uno anteriormente establecido en testamento.&nbsp;<\/p>\n\n\n\n<h3>(ii) La memoria testamentaria.\u00a0<\/h3>\n\n\n\n<p>Mediante la memoria testamentaria s\u00f3lo pueden ordenarse <strong>disposiciones que no excedan del 10% del caudal relicto<\/strong> (patrimonio) y que se refieran a dinero, objetos personales, joyas, ropa, menaje de casa o a obligaciones de importancia moderada del heredero o legatario.\u00a0<\/p>\n\n\n\n<p>Continuaremos desarrollando el tratamiento de otras figuras sucesorias de car\u00e1cter contractual, tales como los pactos sucesorios, en las pr\u00f3ximas Notas.&nbsp;<\/p>\n\n\n\n<p>Quedamos a vuestra disposici\u00f3n para cualquier duda o aclaraci\u00f3n al respecto.&nbsp;<\/p>\n\n\n\n<p>Saludos cordiales,&nbsp;<\/p>\n\n\n\n<h4>JULIO VILAGRASA Y ASOCIADOS&nbsp;&nbsp;<\/h4>\n\n\n\n<sup>1<\/sup>El elemento com\u00fan de todos los instrumentos sucesorios contemplados en esta Nota es su car\u00e1cter unipersonal.\n","protected":false},"excerpt":{"rendered":"<p>Adjuntem Nota Informativa 25, relativa a les disposicions d\u2019\u00faltima voluntat i centrada en el testament i d\u2019altres disposicions unipersonals complement\u00e0ries a Catalunya.<\/p>\n","protected":false},"author":2,"featured_media":0,"comment_status":"open","ping_status":"open","sticky":false,"template":"","format":"standard","meta":[],"categories":[23],"tags":[],"yoast_head":"<!-- This site is optimized with the Yoast SEO plugin v14.6.1 - https:\/\/yoast.com\/wordpress\/plugins\/seo\/ -->\n<title>DISPOSICIONES DE \u00daLTIMA VOLUNTAD CON CAR\u00c1CTER UNIPERSONAL. EL TESTAMENTO Y OTRAS DISPOSICIONES DE \u00daLTIMA VOLUNTAD COMPLEMENTARIAS. | Julio Vilagrasa<\/title>\n<meta name=\"description\" content=\"Adjuntem NI25, relativa a les disposicions d\u2019\u00faltima voluntat i centrada en el testament i d\u2019altres disposicions unipersonals complement\u00e0ries a Catalunya.\" \/>\n<meta name=\"robots\" content=\"index, follow\" \/>\n<meta name=\"googlebot\" content=\"index, follow, max-snippet:-1, max-image-preview:large, max-video-preview:-1\" \/>\n<meta name=\"bingbot\" content=\"index, follow, max-snippet:-1, max-image-preview:large, max-video-preview:-1\" \/>\n<link rel=\"canonical\" href=\"https:\/\/juliovilagrasa.com\/es\/2020\/05\/22\/disposiciones-de-ultima-voluntad-con-caracter-unipersonal-el-testamento-y-otras-disposiciones-de-ultima-voluntad-complementarias\/\" \/>\n<meta property=\"og:locale\" content=\"es_ES\" \/>\n<meta property=\"og:type\" content=\"article\" \/>\n<meta property=\"og:title\" content=\"DISPOSICIONES DE \u00daLTIMA VOLUNTAD CON CAR\u00c1CTER UNIPERSONAL. EL TESTAMENTO Y OTRAS DISPOSICIONES DE \u00daLTIMA VOLUNTAD COMPLEMENTARIAS. | Julio Vilagrasa\" \/>\n<meta property=\"og:description\" content=\"Adjuntem NI25, relativa a les disposicions d\u2019\u00faltima voluntat i centrada en el testament i d\u2019altres disposicions unipersonals complement\u00e0ries a Catalunya.\" \/>\n<meta property=\"og:url\" content=\"https:\/\/juliovilagrasa.com\/es\/2020\/05\/22\/disposiciones-de-ultima-voluntad-con-caracter-unipersonal-el-testamento-y-otras-disposiciones-de-ultima-voluntad-complementarias\/\" \/>\n<meta property=\"og:site_name\" content=\"Julio Vilagrasa\" \/>\n<meta property=\"article:published_time\" content=\"2020-05-22T10:16:17+00:00\" \/>\n<meta property=\"article:modified_time\" content=\"2020-05-22T10:24:42+00:00\" \/>\n<meta name=\"twitter:card\" content=\"summary_large_image\" \/>\n<script type=\"application\/ld+json\" class=\"yoast-schema-graph\">{\"@context\":\"https:\/\/schema.org\",\"@graph\":[{\"@type\":\"Organization\",\"@id\":\"https:\/\/juliovilagrasa.com\/es\/#organization\",\"name\":\"Julio Vilagrasa y asociados\",\"url\":\"https:\/\/juliovilagrasa.com\/es\/\",\"sameAs\":[\"https:\/\/www.linkedin.com\/company\/vilagrasa-asociados\/about\/\"],\"logo\":{\"@type\":\"ImageObject\",\"@id\":\"https:\/\/juliovilagrasa.com\/es\/#logo\",\"inLanguage\":\"es\",\"url\":\"https:\/\/juliovilagrasa.com\/wp-content\/uploads\/2020\/03\/Julio-Vilagrasa-y-asociados.png\",\"width\":900,\"height\":238,\"caption\":\"Julio Vilagrasa y asociados\"},\"image\":{\"@id\":\"https:\/\/juliovilagrasa.com\/es\/#logo\"}},{\"@type\":\"WebSite\",\"@id\":\"https:\/\/juliovilagrasa.com\/es\/#website\",\"url\":\"https:\/\/juliovilagrasa.com\/es\/\",\"name\":\"Julio Vilagrasa y asociados\",\"description\":\"Advocats i Economistes\",\"publisher\":{\"@id\":\"https:\/\/juliovilagrasa.com\/es\/#organization\"},\"potentialAction\":[{\"@type\":\"SearchAction\",\"target\":\"https:\/\/juliovilagrasa.com\/es\/?s={search_term_string}\",\"query-input\":\"required name=search_term_string\"}],\"inLanguage\":\"es\"},{\"@type\":\"WebPage\",\"@id\":\"https:\/\/juliovilagrasa.com\/es\/2020\/05\/22\/disposiciones-de-ultima-voluntad-con-caracter-unipersonal-el-testamento-y-otras-disposiciones-de-ultima-voluntad-complementarias\/#webpage\",\"url\":\"https:\/\/juliovilagrasa.com\/es\/2020\/05\/22\/disposiciones-de-ultima-voluntad-con-caracter-unipersonal-el-testamento-y-otras-disposiciones-de-ultima-voluntad-complementarias\/\",\"name\":\"DISPOSICIONES DE \\u00daLTIMA VOLUNTAD CON CAR\\u00c1CTER UNIPERSONAL. EL TESTAMENTO Y OTRAS DISPOSICIONES DE \\u00daLTIMA VOLUNTAD COMPLEMENTARIAS. | Julio Vilagrasa\",\"isPartOf\":{\"@id\":\"https:\/\/juliovilagrasa.com\/es\/#website\"},\"datePublished\":\"2020-05-22T10:16:17+00:00\",\"dateModified\":\"2020-05-22T10:24:42+00:00\",\"description\":\"Adjuntem NI25, relativa a les disposicions d\\u2019\\u00faltima voluntat i centrada en el testament i d\\u2019altres disposicions unipersonals complement\\u00e0ries a Catalunya.\",\"inLanguage\":\"es\",\"potentialAction\":[{\"@type\":\"ReadAction\",\"target\":[\"https:\/\/juliovilagrasa.com\/es\/2020\/05\/22\/disposiciones-de-ultima-voluntad-con-caracter-unipersonal-el-testamento-y-otras-disposiciones-de-ultima-voluntad-complementarias\/\"]}]},{\"@type\":\"Article\",\"@id\":\"https:\/\/juliovilagrasa.com\/es\/2020\/05\/22\/disposiciones-de-ultima-voluntad-con-caracter-unipersonal-el-testamento-y-otras-disposiciones-de-ultima-voluntad-complementarias\/#article\",\"isPartOf\":{\"@id\":\"https:\/\/juliovilagrasa.com\/es\/2020\/05\/22\/disposiciones-de-ultima-voluntad-con-caracter-unipersonal-el-testamento-y-otras-disposiciones-de-ultima-voluntad-complementarias\/#webpage\"},\"author\":{\"@id\":\"https:\/\/juliovilagrasa.com\/es\/#\/schema\/person\/64b9bf20c9c096163e15cf61a00f69ef\"},\"headline\":\"DISPOSICIONES DE \\u00daLTIMA VOLUNTAD CON CAR\\u00c1CTER UNIPERSONAL. EL TESTAMENTO Y OTRAS DISPOSICIONES DE \\u00daLTIMA VOLUNTAD COMPLEMENTARIAS.\",\"datePublished\":\"2020-05-22T10:16:17+00:00\",\"dateModified\":\"2020-05-22T10:24:42+00:00\",\"mainEntityOfPage\":{\"@id\":\"https:\/\/juliovilagrasa.com\/es\/2020\/05\/22\/disposiciones-de-ultima-voluntad-con-caracter-unipersonal-el-testamento-y-otras-disposiciones-de-ultima-voluntad-complementarias\/#webpage\"},\"commentCount\":0,\"publisher\":{\"@id\":\"https:\/\/juliovilagrasa.com\/es\/#organization\"},\"articleSection\":\"Estado de alarma COVID-19\",\"inLanguage\":\"es\",\"potentialAction\":[{\"@type\":\"CommentAction\",\"name\":\"Comment\",\"target\":[\"https:\/\/juliovilagrasa.com\/es\/2020\/05\/22\/disposiciones-de-ultima-voluntad-con-caracter-unipersonal-el-testamento-y-otras-disposiciones-de-ultima-voluntad-complementarias\/#respond\"]}]},{\"@type\":[\"Person\"],\"@id\":\"https:\/\/juliovilagrasa.com\/es\/#\/schema\/person\/64b9bf20c9c096163e15cf61a00f69ef\",\"name\":\"juliovilagrasa\",\"image\":{\"@type\":\"ImageObject\",\"@id\":\"https:\/\/juliovilagrasa.com\/es\/#personlogo\",\"inLanguage\":\"es\",\"url\":\"http:\/\/2.gravatar.com\/avatar\/bdda4718155f8215ce9e4901102381f9?s=96&d=mm&r=g\",\"caption\":\"juliovilagrasa\"}}]}<\/script>\n<!-- \/ Yoast SEO plugin. -->","_links":{"self":[{"href":"https:\/\/juliovilagrasa.com\/es\/wp-json\/wp\/v2\/posts\/542"}],"collection":[{"href":"https:\/\/juliovilagrasa.com\/es\/wp-json\/wp\/v2\/posts"}],"about":[{"href":"https:\/\/juliovilagrasa.com\/es\/wp-json\/wp\/v2\/types\/post"}],"author":[{"embeddable":true,"href":"https:\/\/juliovilagrasa.com\/es\/wp-json\/wp\/v2\/users\/2"}],"replies":[{"embeddable":true,"href":"https:\/\/juliovilagrasa.com\/es\/wp-json\/wp\/v2\/comments?post=542"}],"version-history":[{"count":1,"href":"https:\/\/juliovilagrasa.com\/es\/wp-json\/wp\/v2\/posts\/542\/revisions"}],"predecessor-version":[{"id":543,"href":"https:\/\/juliovilagrasa.com\/es\/wp-json\/wp\/v2\/posts\/542\/revisions\/543"}],"wp:attachment":[{"href":"https:\/\/juliovilagrasa.com\/es\/wp-json\/wp\/v2\/media?parent=542"}],"wp:term":[{"taxonomy":"category","embeddable":true,"href":"https:\/\/juliovilagrasa.com\/es\/wp-json\/wp\/v2\/categories?post=542"},{"taxonomy":"post_tag","embeddable":true,"href":"https:\/\/juliovilagrasa.com\/es\/wp-json\/wp\/v2\/tags?post=542"}],"curies":[{"name":"wp","href":"https:\/\/api.w.org\/{rel}","templated":true}]}}