{"id":551,"date":"2020-06-05T15:18:00","date_gmt":"2020-06-05T15:18:00","guid":{"rendered":"https:\/\/juliovilagrasa.com\/2020\/06\/05\/modificacio-de-terminis-de-formulacio-verificacio-i-aprovacio-de-comptes-anuals-afectacio-en-limpost-de-societats\/"},"modified":"2020-06-09T15:27:36","modified_gmt":"2020-06-09T15:27:36","slug":"modificacion-de-plazos-de-formulacion-verificacion-y-aprobacion-de-cuentas-anuales-afectacion-en-el-impuesto-de-sociedades","status":"publish","type":"post","link":"https:\/\/juliovilagrasa.com\/es\/2020\/06\/05\/modificacion-de-plazos-de-formulacion-verificacion-y-aprobacion-de-cuentas-anuales-afectacion-en-el-impuesto-de-sociedades\/","title":{"rendered":"MODIFICACIO\u0301N DE PLAZOS DE FORMULACIO\u0301N, VERIFICACIO\u0301N Y APROBACIO\u0301N DE CUENTAS ANUALES. AFECTACIO\u0301N EN EL IMPUESTO DE SOCIEDADES"},"content":{"rendered":"\n<p>El pasado 18 de marzo public\u00e1bamos una nota informativa relativa a los plazos de formulaci\u00f3n y aprobaci\u00f3n de cuentas anuales y reuniones de los \u00f3rganos de gobierno y administraci\u00f3n de las sociedades durante el estado de alarma.<\/p>\n\n\n\n<p>Dos meses y medio (y seis pr\u00f3rrogas del estado de alarma) despu\u00e9s, el Real Decreto-Ley al que nos refer\u00edamos entonces (RDL 8\/2020) sigue siendo de aplicaci\u00f3n, si bien el Real decreto-Ley 19\/2020 (RDL 19\/2020) lo modifica y complementa con algunos matices y aclaraciones que procedemos a desarrollar a continuaci\u00f3n, en concreto: (i) su afectaci\u00f3n derivada en la declaraci\u00f3n del Impuesto de Sociedades y (ii) la modificaci\u00f3n del c\u00f3mputo de determinadas pr\u00f3rrogas para la formulaci\u00f3n, verificaci\u00f3n y aprobaci\u00f3n de las cuentas anuales.<\/p>\n\n\n\n<h2>(i) Afectaci\u00f3n en el Impuesto de Sociedades<\/h2>\n\n\n\n<p>Uno de los principales an\u00e1lisis resultantes del RDL 8\/2020 <strong>afectaba de forma directa al Impuesto de Sociedades (IS)<\/strong>. As\u00ed, en su art\u00edculo 40 se establec\u00eda una regulaci\u00f3n extraordinaria de plazos de formulaci\u00f3n, verificaci\u00f3n y aprobaci\u00f3n de las cuentas anuales que, a resultas, repercut\u00eda en la obligaci\u00f3n de presentaci\u00f3n de la declaraci\u00f3n del IS, puesto que la determinaci\u00f3n de la base imponible de \u00e9ste, en el m\u00e9todo de estimaci\u00f3n directa, <strong>se efect\u00faa sobre la base del resultado contable<\/strong>. Por ello, el RDL 19\/2020 prev\u00e9 la facultad, a los contribuyentes que no hayan podido aprobar sus cuentas anuales con anterioridad a la finalizaci\u00f3n del plazo de declaraci\u00f3n del impuesto, de que las presenten <strong>con las cuentas anuales disponibles en el momento<\/strong> de vencimiento del plazo (las formuladas por el \u00d3rgano de Administraci\u00f3n o, en su caso, la contabilidad disponible llevada conforme a la normativa de aplicaci\u00f3n). Una vez hayan sido aprobadas las cuentas anuales, si existiesen diferencias respecto de las presentadas, podr\u00e1 <strong>presentarse una segunda declaraci\u00f3n<\/strong>, con el resultado contable definitivo, hasta el 30 de noviembre de 2020. La nueva declaraci\u00f3n tendr\u00e1 la consideraci\u00f3n de <strong>complementaria<\/strong> si de ella resultase una cantidad a ingresar superior o una cantidad a devolver inferior a la derivada de la autoliquidaci\u00f3n anterior. En los dem\u00e1s casos, la segunda declaraci\u00f3n se considerar\u00e1 rectificativa, sin necesidad de resoluci\u00f3n de la Administraci\u00f3n Tributaria.<\/p>\n\n\n\n<p>Es importante tener en cuenta que, en cualquier caso, el IS podr\u00e1 ser objeto de comprobaci\u00f3n plena, es decir, ambas autoliquidaciones podr\u00e1n ser objeto de verificaci\u00f3n y comprobaci\u00f3n por la Administraci\u00f3n Tributaria.<\/p>\n\n\n\n<h2>(ii) Modificaci\u00f3n en cuanto al c\u00f3mputo de la pr\u00f3rroga de los plazos aplicables a formulaci\u00f3n, verificaci\u00f3n y aprobaci\u00f3n de las cuentas anuales.<\/h2>\n\n\n\n<p>Dos son las principales modificaciones que el RDL 19\/2020 realiza sobre el art\u00edculo 40 del RDL 8\/2020, sobre medidas extraordinarias aplicables a las personas jur\u00eddicas de derecho privado:<\/p>\n\n\n\n<ul><li>A los efectos de dotar los plazos de mayor seguridad jur\u00eddica, el c\u00f3mputo de tres meses para formular las cuentas anuales y dem\u00e1s documentos legalmente obligatorios ya no se realizar\u00e1 desde la finalizaci\u00f3n del estado de alarma, sino <strong>desde el 1 de junio de 2020<\/strong>.<\/li><li><strong>Se reduce de tres a dos meses el plazo para aprobar las cuentas anuales desde su formulaci\u00f3n,<\/strong><\/li><\/ul>\n\n\n\n<p>Hemos considerado importante destacar, como determina la Instrucci\u00f3n de la Direcci\u00f3n General de Seguridad Jur\u00eddica y Fe P\u00fablica, de 28 de Mayo de 2020, sobre levantamiento de la suspensi\u00f3n de plazos administrativos, que las pr\u00f3rrogas establecidas tienen una importante consecuencia en el <strong>derecho del socio minoritario a solicitar la verificaci\u00f3n de las cuentas anuales<\/strong>. En este sentido, el plazo de tres meses para solicitar auditor que establece la Ley de Sociedades de capital (art. 265.2) deber\u00e1 contarse, tambi\u00e9n, desde el 1 de junio de 2020 (y no desde la fecha de cierre del ejercicio).<\/p>\n\n\n\n<h2>Conclusi\u00f3n sobre los plazos de formulaci\u00f3n y presentaci\u00f3n de las cuentas anuales correspondientes al ejercicio<\/h2>\n\n\n\n<p>As\u00ed pues, los plazos referidos para la presentaci\u00f3n de las cuentas anuales correspondientes al ejercicio 2019 quedan actualizados como sigue:<\/p>\n\n\n\n<ul><li>Formulaci\u00f3n de cuentas anuales: hasta el 31 de agosto de 2020.<\/li><li>Aprobaci\u00f3n de las cuentas anuales: hasta el 31 de octubre de 2020 (siempre en un m\u00e1ximo de dos meses desde la formulaci\u00f3n).<\/li><li>Dep\u00f3sito de las cuentas anuales: hasta el 30 de noviembre de 2020. <\/li><\/ul>\n\n\n\n<p>En cualquier caso, ser\u00e1 v\u00e1lida la formulaci\u00f3n de las cuentas anuales que realice el \u00d3rgano de Administraci\u00f3n durante el estado de alarma, pudiendo igualmente realizar su verificaci\u00f3n y aprobaci\u00f3n acogi\u00e9ndose a las pr\u00f3rrogas previstas. <\/p>\n\n\n\n<p>Quedamos a vuestra disposici\u00f3n para cualquier duda o aclaraci\u00f3n. <\/p>\n\n\n\n<p>Saludos cordiales,<\/p>\n\n\n\n<h4>JULIO VILAGRASA Y ASOCIADOS<\/h4>\n","protected":false},"excerpt":{"rendered":"<p>Nota Informativa 26, relativa a los nuevos plazos de formulaci\u00f3n, verificaci\u00f3n y presentaci\u00f3n de cuentas anuales y a la autoliquidaci\u00f3n del Impuesto de Sociedades<\/p>\n","protected":false},"author":2,"featured_media":0,"comment_status":"open","ping_status":"open","sticky":false,"template":"","format":"standard","meta":[],"categories":[23],"tags":[],"yoast_head":"<!-- This site is optimized with the Yoast SEO plugin v14.6.1 - https:\/\/yoast.com\/wordpress\/plugins\/seo\/ -->\n<title>MODIFICACIO\u0301N DE PLAZOS DE FORMULACIO\u0301N, VERIFICACIO\u0301N Y APROBACIO\u0301N DE CUENTAS ANUALES. AFECTACIO\u0301N EN EL IMPUESTO DE SOCIEDADES | Julio Vilagrasa<\/title>\n<meta name=\"description\" content=\"Nota Informativa 26, los nuevos plazos de formulaci\u00f3n, verificaci\u00f3n y presentaci\u00f3n de cuentas anuales y a la autoliquidaci\u00f3n del Impuesto de Sociedades\" \/>\n<meta name=\"robots\" content=\"index, follow\" \/>\n<meta name=\"googlebot\" content=\"index, follow, max-snippet:-1, max-image-preview:large, max-video-preview:-1\" \/>\n<meta name=\"bingbot\" content=\"index, follow, max-snippet:-1, max-image-preview:large, max-video-preview:-1\" \/>\n<link rel=\"canonical\" href=\"https:\/\/juliovilagrasa.com\/es\/2020\/06\/05\/modificacion-de-plazos-de-formulacion-verificacion-y-aprobacion-de-cuentas-anuales-afectacion-en-el-impuesto-de-sociedades\/\" \/>\n<meta property=\"og:locale\" content=\"es_ES\" \/>\n<meta property=\"og:type\" content=\"article\" \/>\n<meta property=\"og:title\" content=\"MODIFICACIO\u0301N DE PLAZOS DE FORMULACIO\u0301N, VERIFICACIO\u0301N Y APROBACIO\u0301N DE CUENTAS ANUALES. AFECTACIO\u0301N EN EL IMPUESTO DE SOCIEDADES | Julio Vilagrasa\" \/>\n<meta property=\"og:description\" content=\"Nota Informativa 26, los nuevos plazos de formulaci\u00f3n, verificaci\u00f3n y presentaci\u00f3n de cuentas anuales y a la autoliquidaci\u00f3n del Impuesto de Sociedades\" \/>\n<meta property=\"og:url\" content=\"https:\/\/juliovilagrasa.com\/es\/2020\/06\/05\/modificacion-de-plazos-de-formulacion-verificacion-y-aprobacion-de-cuentas-anuales-afectacion-en-el-impuesto-de-sociedades\/\" \/>\n<meta property=\"og:site_name\" content=\"Julio Vilagrasa\" \/>\n<meta property=\"article:published_time\" content=\"2020-06-05T15:18:00+00:00\" \/>\n<meta property=\"article:modified_time\" content=\"2020-06-09T15:27:36+00:00\" \/>\n<meta name=\"twitter:card\" content=\"summary_large_image\" \/>\n<script type=\"application\/ld+json\" class=\"yoast-schema-graph\">{\"@context\":\"https:\/\/schema.org\",\"@graph\":[{\"@type\":\"Organization\",\"@id\":\"https:\/\/juliovilagrasa.com\/es\/#organization\",\"name\":\"Julio Vilagrasa y asociados\",\"url\":\"https:\/\/juliovilagrasa.com\/es\/\",\"sameAs\":[\"https:\/\/www.linkedin.com\/company\/vilagrasa-asociados\/about\/\"],\"logo\":{\"@type\":\"ImageObject\",\"@id\":\"https:\/\/juliovilagrasa.com\/es\/#logo\",\"inLanguage\":\"es\",\"url\":\"https:\/\/juliovilagrasa.com\/wp-content\/uploads\/2020\/03\/Julio-Vilagrasa-y-asociados.png\",\"width\":900,\"height\":238,\"caption\":\"Julio Vilagrasa y asociados\"},\"image\":{\"@id\":\"https:\/\/juliovilagrasa.com\/es\/#logo\"}},{\"@type\":\"WebSite\",\"@id\":\"https:\/\/juliovilagrasa.com\/es\/#website\",\"url\":\"https:\/\/juliovilagrasa.com\/es\/\",\"name\":\"Julio Vilagrasa y asociados\",\"description\":\"Advocats i Economistes\",\"publisher\":{\"@id\":\"https:\/\/juliovilagrasa.com\/es\/#organization\"},\"potentialAction\":[{\"@type\":\"SearchAction\",\"target\":\"https:\/\/juliovilagrasa.com\/es\/?s={search_term_string}\",\"query-input\":\"required name=search_term_string\"}],\"inLanguage\":\"es\"},{\"@type\":\"WebPage\",\"@id\":\"https:\/\/juliovilagrasa.com\/es\/2020\/06\/05\/modificacion-de-plazos-de-formulacion-verificacion-y-aprobacion-de-cuentas-anuales-afectacion-en-el-impuesto-de-sociedades\/#webpage\",\"url\":\"https:\/\/juliovilagrasa.com\/es\/2020\/06\/05\/modificacion-de-plazos-de-formulacion-verificacion-y-aprobacion-de-cuentas-anuales-afectacion-en-el-impuesto-de-sociedades\/\",\"name\":\"MODIFICACIO\\u0301N DE PLAZOS DE FORMULACIO\\u0301N, VERIFICACIO\\u0301N Y APROBACIO\\u0301N DE CUENTAS ANUALES. AFECTACIO\\u0301N EN EL IMPUESTO DE SOCIEDADES | Julio Vilagrasa\",\"isPartOf\":{\"@id\":\"https:\/\/juliovilagrasa.com\/es\/#website\"},\"datePublished\":\"2020-06-05T15:18:00+00:00\",\"dateModified\":\"2020-06-09T15:27:36+00:00\",\"description\":\"Nota Informativa 26, los nuevos plazos de formulaci\\u00f3n, verificaci\\u00f3n y presentaci\\u00f3n de cuentas anuales y a la autoliquidaci\\u00f3n del Impuesto de Sociedades\",\"inLanguage\":\"es\",\"potentialAction\":[{\"@type\":\"ReadAction\",\"target\":[\"https:\/\/juliovilagrasa.com\/es\/2020\/06\/05\/modificacion-de-plazos-de-formulacion-verificacion-y-aprobacion-de-cuentas-anuales-afectacion-en-el-impuesto-de-sociedades\/\"]}]},{\"@type\":\"Article\",\"@id\":\"https:\/\/juliovilagrasa.com\/es\/2020\/06\/05\/modificacion-de-plazos-de-formulacion-verificacion-y-aprobacion-de-cuentas-anuales-afectacion-en-el-impuesto-de-sociedades\/#article\",\"isPartOf\":{\"@id\":\"https:\/\/juliovilagrasa.com\/es\/2020\/06\/05\/modificacion-de-plazos-de-formulacion-verificacion-y-aprobacion-de-cuentas-anuales-afectacion-en-el-impuesto-de-sociedades\/#webpage\"},\"author\":{\"@id\":\"https:\/\/juliovilagrasa.com\/es\/#\/schema\/person\/64b9bf20c9c096163e15cf61a00f69ef\"},\"headline\":\"MODIFICACIO\\u0301N DE PLAZOS DE FORMULACIO\\u0301N, VERIFICACIO\\u0301N Y APROBACIO\\u0301N DE CUENTAS ANUALES. AFECTACIO\\u0301N EN EL IMPUESTO DE SOCIEDADES\",\"datePublished\":\"2020-06-05T15:18:00+00:00\",\"dateModified\":\"2020-06-09T15:27:36+00:00\",\"mainEntityOfPage\":{\"@id\":\"https:\/\/juliovilagrasa.com\/es\/2020\/06\/05\/modificacion-de-plazos-de-formulacion-verificacion-y-aprobacion-de-cuentas-anuales-afectacion-en-el-impuesto-de-sociedades\/#webpage\"},\"commentCount\":0,\"publisher\":{\"@id\":\"https:\/\/juliovilagrasa.com\/es\/#organization\"},\"articleSection\":\"Estado de alarma COVID-19\",\"inLanguage\":\"es\",\"potentialAction\":[{\"@type\":\"CommentAction\",\"name\":\"Comment\",\"target\":[\"https:\/\/juliovilagrasa.com\/es\/2020\/06\/05\/modificacion-de-plazos-de-formulacion-verificacion-y-aprobacion-de-cuentas-anuales-afectacion-en-el-impuesto-de-sociedades\/#respond\"]}]},{\"@type\":[\"Person\"],\"@id\":\"https:\/\/juliovilagrasa.com\/es\/#\/schema\/person\/64b9bf20c9c096163e15cf61a00f69ef\",\"name\":\"juliovilagrasa\",\"image\":{\"@type\":\"ImageObject\",\"@id\":\"https:\/\/juliovilagrasa.com\/es\/#personlogo\",\"inLanguage\":\"es\",\"url\":\"http:\/\/2.gravatar.com\/avatar\/bdda4718155f8215ce9e4901102381f9?s=96&d=mm&r=g\",\"caption\":\"juliovilagrasa\"}}]}<\/script>\n<!-- \/ Yoast SEO plugin. -->","_links":{"self":[{"href":"https:\/\/juliovilagrasa.com\/es\/wp-json\/wp\/v2\/posts\/551"}],"collection":[{"href":"https:\/\/juliovilagrasa.com\/es\/wp-json\/wp\/v2\/posts"}],"about":[{"href":"https:\/\/juliovilagrasa.com\/es\/wp-json\/wp\/v2\/types\/post"}],"author":[{"embeddable":true,"href":"https:\/\/juliovilagrasa.com\/es\/wp-json\/wp\/v2\/users\/2"}],"replies":[{"embeddable":true,"href":"https:\/\/juliovilagrasa.com\/es\/wp-json\/wp\/v2\/comments?post=551"}],"version-history":[{"count":1,"href":"https:\/\/juliovilagrasa.com\/es\/wp-json\/wp\/v2\/posts\/551\/revisions"}],"predecessor-version":[{"id":552,"href":"https:\/\/juliovilagrasa.com\/es\/wp-json\/wp\/v2\/posts\/551\/revisions\/552"}],"wp:attachment":[{"href":"https:\/\/juliovilagrasa.com\/es\/wp-json\/wp\/v2\/media?parent=551"}],"wp:term":[{"taxonomy":"category","embeddable":true,"href":"https:\/\/juliovilagrasa.com\/es\/wp-json\/wp\/v2\/categories?post=551"},{"taxonomy":"post_tag","embeddable":true,"href":"https:\/\/juliovilagrasa.com\/es\/wp-json\/wp\/v2\/tags?post=551"}],"curies":[{"name":"wp","href":"https:\/\/api.w.org\/{rel}","templated":true}]}}